{"id":1651,"date":"2015-09-11T21:57:16","date_gmt":"2015-09-11T19:57:16","guid":{"rendered":"http:\/\/www.azionecattolicacremona.it\/portale\/?p=1651"},"modified":"2015-09-11T21:57:16","modified_gmt":"2015-09-11T19:57:16","slug":"giornata-di-spiritualita-per-la-terza-eta-2","status":"publish","type":"post","link":"https:\/\/www.azionecattolicacremona.it\/portale\/2015\/09\/giornata-di-spiritualita-per-la-terza-eta-2\/","title":{"rendered":"Giornata di spiritualit\u00e0 per la Terza Et\u00e0"},"content":{"rendered":"<p>La Giornata di Spiritualit\u00e0 per la Terza Et\u00e0 si svolger\u00e0<\/p>\n<p><strong>DOMENICA 11 OTTOBRE 2015\u00a0 \u00a0<\/strong>a\u00a0\u00a0 <em><strong>CARAVAGGIO<\/strong><\/em><\/p>\n<p>&nbsp;<\/p>\n<p>scarica l&#8217;avviso e le note organizzative:<\/p>\n<p><a href=\"http:\/\/www.azionecattolicacremona.it\/portale\/wp-content\/uploads\/2015\/09\/lettera-3-et\u00e0-giornata-spir.-Caravaggio-2015.pdf\">lettera 3 et\u00e0 giornata spir. Caravaggio 2015;\u00a0<\/a><\/p>\n<p><a href=\"http:\/\/www.azionecattolicacremona.it\/portale\/wp-content\/uploads\/2015\/09\/NOTE-ORGANIZZATIVE-giornata-spiritualit\u00e0-Caravaggio-2015.pdf\">NOTE ORGANIZZATIVE giornata spiritualit\u00e0 Caravaggio 2015<\/a><\/p>\n<p>&nbsp;<\/p>\n","protected":false},"excerpt":{"rendered":"<p>La Giornata di Spiritualit\u00e0 per la Terza Et\u00e0 si svolger\u00e0 DOMENICA 11 [&hellip;]<\/p>\n","protected":false},"author":2,"featured_media":0,"comment_status":"closed","ping_status":"closed","sticky":false,"template":"","format":"standard","meta":[],"categories":[3],"tags":[30,54],"_links":{"self":[{"href":"https:\/\/www.azionecattolicacremona.it\/portale\/wp-json\/wp\/v2\/posts\/1651"}],"collection":[{"href":"https:\/\/www.azionecattolicacremona.it\/portale\/wp-json\/wp\/v2\/posts"}],"about":[{"href":"https:\/\/www.azionecattolicacremona.it\/portale\/wp-json\/wp\/v2\/types\/post"}],"author":[{"embeddable":true,"href":"https:\/\/www.azionecattolicacremona.it\/portale\/wp-json\/wp\/v2\/users\/2"}],"replies":[{"embeddable":true,"href":"https:\/\/www.azionecattolicacremona.it\/portale\/wp-json\/wp\/v2\/comments?post=1651"}],"version-history":[{"count":3,"href":"https:\/\/www.azionecattolicacremona.it\/portale\/wp-json\/wp\/v2\/posts\/1651\/revisions"}],"predecessor-version":[{"id":1656,"href":"https:\/\/www.azionecattolicacremona.it\/portale\/wp-json\/wp\/v2\/posts\/1651\/revisions\/1656"}],"wp:attachment":[{"href":"https:\/\/www.azionecattolicacremona.it\/portale\/wp-json\/wp\/v2\/media?parent=1651"}],"wp:term":[{"taxonomy":"category","embeddable":true,"href":"https:\/\/www.azionecattolicacremona.it\/portale\/wp-json\/wp\/v2\/categories?post=1651"},{"taxonomy":"post_tag","embeddable":true,"href":"https:\/\/www.azionecattolicacremona.it\/portale\/wp-json\/wp\/v2\/tags?post=1651"}],"curies":[{"name":"wp","href":"https:\/\/api.w.org\/{rel}","templated":true}]}}