{"id":1744,"date":"2015-11-23T19:52:20","date_gmt":"2015-11-23T18:52:20","guid":{"rendered":"http:\/\/www.azionecattolicacremona.it\/portale\/?p=1744"},"modified":"2015-11-23T19:56:11","modified_gmt":"2015-11-23T18:56:11","slug":"la-c-cremonese-saluto-il-vescovo-antonio","status":"publish","type":"post","link":"https:\/\/www.azionecattolicacremona.it\/portale\/2015\/11\/la-c-cremonese-saluto-il-vescovo-antonio\/","title":{"rendered":"L&#8217;A.C. cremonese saluta il Vescovo Antonio"},"content":{"rendered":"<p>L\u2019Azione Cattolica di Cremona accoglie con gioia il nuovo <strong>Vescovo Antonio<\/strong>, da poco nominato e che si appresta a guidare la nostra Chiesa particolare. Questo momento di cambiamento nella storia della Chiesa cremonese ci interpella e ci stimola a ripensare e confermare il nostro impegno al servizio delle persone che incontriamo nella quotidianit\u00e0 della nostra esperienza, e verso le quali testimoniamo la gioia della Buona Notizia di Ges\u00f9. Al nuovo Vescovo consegniamo le nostre esperienze come strumento di evangelizzazione ma anche opportunit\u00e0 di crescita e formazione di un laicato responsabile, disponibile, attento ai cambiamenti della societ\u00e0 e alle nuove domande degli uomini, delle donne, dei giovani, dei ragazzi e di quanti cercano il Signore.<br \/>\nCi uniamo quindi in preghiera per ringraziare il Signore per questo nuovo dono e per pregarlo affinch\u00e9 conceda al Vescovo Antonio la sapienza per guidare la Chiesa e mettere a frutto i doni e i talenti che essa porta. Ringraziamo il Signore anche per il Vescovo Dante, che ci ha accompagnato in questi anni, perch\u00e9 gli conceda serenit\u00e0 e ancora nuove opportunit\u00e0 di servizio gioioso alla Sua missione.<\/p>\n","protected":false},"excerpt":{"rendered":"<p>L\u2019Azione Cattolica di Cremona accoglie con gioia il nuovo Vescovo Antonio, da [&hellip;]<\/p>\n","protected":false},"author":2,"featured_media":0,"comment_status":"closed","ping_status":"closed","sticky":false,"template":"","format":"standard","meta":[],"categories":[1],"tags":[29],"_links":{"self":[{"href":"https:\/\/www.azionecattolicacremona.it\/portale\/wp-json\/wp\/v2\/posts\/1744"}],"collection":[{"href":"https:\/\/www.azionecattolicacremona.it\/portale\/wp-json\/wp\/v2\/posts"}],"about":[{"href":"https:\/\/www.azionecattolicacremona.it\/portale\/wp-json\/wp\/v2\/types\/post"}],"author":[{"embeddable":true,"href":"https:\/\/www.azionecattolicacremona.it\/portale\/wp-json\/wp\/v2\/users\/2"}],"replies":[{"embeddable":true,"href":"https:\/\/www.azionecattolicacremona.it\/portale\/wp-json\/wp\/v2\/comments?post=1744"}],"version-history":[{"count":4,"href":"https:\/\/www.azionecattolicacremona.it\/portale\/wp-json\/wp\/v2\/posts\/1744\/revisions"}],"predecessor-version":[{"id":1748,"href":"https:\/\/www.azionecattolicacremona.it\/portale\/wp-json\/wp\/v2\/posts\/1744\/revisions\/1748"}],"wp:attachment":[{"href":"https:\/\/www.azionecattolicacremona.it\/portale\/wp-json\/wp\/v2\/media?parent=1744"}],"wp:term":[{"taxonomy":"category","embeddable":true,"href":"https:\/\/www.azionecattolicacremona.it\/portale\/wp-json\/wp\/v2\/categories?post=1744"},{"taxonomy":"post_tag","embeddable":true,"href":"https:\/\/www.azionecattolicacremona.it\/portale\/wp-json\/wp\/v2\/tags?post=1744"}],"curies":[{"name":"wp","href":"https:\/\/api.w.org\/{rel}","templated":true}]}}