{"id":1786,"date":"2016-01-19T10:12:03","date_gmt":"2016-01-19T09:12:03","guid":{"rendered":"http:\/\/www.azionecattolicacremona.it\/portale\/?p=1786"},"modified":"2016-01-19T10:12:03","modified_gmt":"2016-01-19T09:12:03","slug":"acr-mese-della-pace","status":"publish","type":"post","link":"https:\/\/www.azionecattolicacremona.it\/portale\/2016\/01\/acr-mese-della-pace\/","title":{"rendered":"ACR: MESE DELLA PACE"},"content":{"rendered":"<div><span style=\"font-family: Arial; font-size: small;\">L&#8217;Azione Cattolica della Diocesi di Cremona propone l&#8217;iniziativa promossa dall&#8217;ACI Nazionale per il mese della PACE 2016.<\/span><\/div>\n<div>\n<div><span style=\"font-family: Arial;\">\u00a0<\/span><\/div>\n<p><span style=\"font-family: Arial; font-size: small;\"> <a class=\"moz-txt-link-freetext\" href=\"http:\/\/acr.azionecattolica.it\/categorie-acr\/pace\/la-pace-e-di-casa-2016\">http:\/\/acr.azionecattolica.it\/categorie-acr\/pace\/la-pace-e-di-casa-2016<\/a><\/span><\/div>\n<div>\n<div><span style=\"font-family: Arial;\"><br \/>\n<\/span><\/div>\n<\/div>\n<p><small><span style=\"font-family: Arial;\">Il progetto di pace 2016, <strong>La Pace \u00e8 di CASA<\/strong>, nasce dall&#8217;attenzione di tutta l&#8217;Azione Cattolica Italiana al fenomeno della migrazione di bambini, uomini e donne che caratterizza\u00a0drammaticamente questa stagione della storia: dal 2011, una gran massa di persone sfida il deserto ed il mare per raggiungere la salvezza.<br \/>\n<\/span><\/small><\/p>\n<p class=\"rtejustify\"><small><span style=\"font-family: Arial;\"> Il <strong>mese della Pace 2016<\/strong> sar\u00e0 occasione per iniziare processi e dire di\u00a0non avere pi\u00f9 paura, ma di dimostrarsi accoglienti, misericordiosi. La Sicilia, specialmente il territorio di Agrigento, \u00e8 stata la meta naturale delle rotte delle carrette del mare con cui precariamente \u00e8 stata\u00a0affrontata la traversata del Mediterraneo.<\/span><\/small><\/p>\n<p><span style=\"font-family: Arial;\"><small>L\u2019Azione Cattolica Italiana propone di sostenere un <strong>progetto di accoglienza dei migranti<\/strong>, coadiuvando le realt\u00e0 gi\u00e0 operanti nel territorio e\u00a0contribuendo nella loro opera di carit\u00e0 e di integrazione delle persone\u00a0straniere. Immaginiamo, allora, una casa le cui parti funzionali sono sparse tra le strade, in mezzo alle persone. La casa \u00e8 simbolo del calore umano e familiare. Il messaggio per l\u2019Italia mediato dalla esperienza\u00a0di Agrigento \u00e8 quello di dire che \u00ab<strong>La Pace \u00e8 di Casa<\/strong>\u00bb. <\/small><\/span><\/p>\n<p>&nbsp;<\/p>\n<p><em>scarica la locandina e il sussidio per gli Educatori ACR<\/em>:\u00a0 <a href=\"http:\/\/www.azionecattolicacremona.it\/portale\/wp-content\/uploads\/2016\/01\/dossier-pace2016_FULL.pdf\">dossier-pace2016_FULL<\/a><\/p>\n","protected":false},"excerpt":{"rendered":"<p>L&#8217;Azione Cattolica della Diocesi di Cremona propone l&#8217;iniziativa promossa dall&#8217;ACI Nazionale per [&hellip;]<\/p>\n","protected":false},"author":2,"featured_media":0,"comment_status":"closed","ping_status":"closed","sticky":false,"template":"","format":"standard","meta":[],"categories":[6],"tags":[36,50],"_links":{"self":[{"href":"https:\/\/www.azionecattolicacremona.it\/portale\/wp-json\/wp\/v2\/posts\/1786"}],"collection":[{"href":"https:\/\/www.azionecattolicacremona.it\/portale\/wp-json\/wp\/v2\/posts"}],"about":[{"href":"https:\/\/www.azionecattolicacremona.it\/portale\/wp-json\/wp\/v2\/types\/post"}],"author":[{"embeddable":true,"href":"https:\/\/www.azionecattolicacremona.it\/portale\/wp-json\/wp\/v2\/users\/2"}],"replies":[{"embeddable":true,"href":"https:\/\/www.azionecattolicacremona.it\/portale\/wp-json\/wp\/v2\/comments?post=1786"}],"version-history":[{"count":2,"href":"https:\/\/www.azionecattolicacremona.it\/portale\/wp-json\/wp\/v2\/posts\/1786\/revisions"}],"predecessor-version":[{"id":1789,"href":"https:\/\/www.azionecattolicacremona.it\/portale\/wp-json\/wp\/v2\/posts\/1786\/revisions\/1789"}],"wp:attachment":[{"href":"https:\/\/www.azionecattolicacremona.it\/portale\/wp-json\/wp\/v2\/media?parent=1786"}],"wp:term":[{"taxonomy":"category","embeddable":true,"href":"https:\/\/www.azionecattolicacremona.it\/portale\/wp-json\/wp\/v2\/categories?post=1786"},{"taxonomy":"post_tag","embeddable":true,"href":"https:\/\/www.azionecattolicacremona.it\/portale\/wp-json\/wp\/v2\/tags?post=1786"}],"curies":[{"name":"wp","href":"https:\/\/api.w.org\/{rel}","templated":true}]}}