{"id":1987,"date":"2016-11-11T21:06:14","date_gmt":"2016-11-11T20:06:14","guid":{"rendered":"http:\/\/www.azionecattolicacremona.it\/portale\/?p=1987"},"modified":"2016-11-11T21:06:14","modified_gmt":"2016-11-11T20:06:14","slug":"referendum-un-si-o-un-no-da-coscienze-formate-e-consapevoli","status":"publish","type":"post","link":"https:\/\/www.azionecattolicacremona.it\/portale\/2016\/11\/referendum-un-si-o-un-no-da-coscienze-formate-e-consapevoli\/","title":{"rendered":"Referendum: un s\u00ec o un no da coscienze formate e consapevoli"},"content":{"rendered":"<p>Nell&#8217;intento di fare un servizio alle associazioni parrocchiali e di stimolare un confronto fondato sulla consapevolezza e non sui pregiudizi, mettiamo a disposizione alcuni documenti che informano sui contenuti delle modifiche costituzionali su cui tra qualche settimana saremo chiamati a esprimere il nostro voto.<\/p>\n<p>Il file\u00a0<a href=\"http:\/\/www.azionecattolicacremona.it\/portale\/wp-content\/uploads\/2016\/11\/AggiornamentiSociali_10_domanderisposte.pdf\">aggiornamentisociali_10_domanderisposte<\/a> contiene un articolo della redazione della rivista dei Gesuiti Aggiornamenti Sociali che in termini semplici sintetizza in 10 domande e risposte cosa cambierebbe se il referendum approvasse le proposte di modifica.<\/p>\n<p>Il file\u00a0<a href=\"http:\/\/www.azionecattolicacremona.it\/portale\/wp-content\/uploads\/2016\/11\/AggiornamentiSociali_2-articoli.pdf\">aggiornamentisociali_2-articoli<\/a> contiene anche un articolo di Carlo Fusaro con le ragioni del s\u00ec e uno di Filippo Pizzolato con le ragioni del no, entrambi pubblicati da Aggiornamenti Sociali.<\/p>\n<p>Il file <a href=\"http:\/\/www.azionecattolicacremona.it\/portale\/wp-content\/uploads\/2016\/11\/COSA-CAMBIA-CON-LA-RIFORMA-COSTITUZIONALE.pdf\">cosa-cambia-con-la-riforma-costituzionale<\/a> contiene una tabella schematica che mette a confronto la situazione attuale con quella che si creerebbe se il referendum approvasse le proposte di modifica.<\/p>\n<p>Come soci di Azione Cattolica non dobbiamo temere la discussione anche su temi potenzialmente divisivi, per sperimentarci in quel discernimento comunitario che sempre pi\u00f9 sar\u00e0 il modo con cui la comunit\u00e0 cristiana, costituita da laici e sacerdoti, dovr\u00e0 condividere le decisioni pastorali del futuro.<\/p>\n<p>Ma come soci di Azione Cattolica dobbiamo anche valutare in coscienza le proposte di modifica alla luce dei principi dell&#8217;Insegnamento sociale della Chiesa.<\/p>\n<p>L&#8217;accentramento nel livello statale di numerose funzioni attualmente svolte dalle Regioni e dalle Province \u00e8 conforme al principio di SUSSIDIARIETA&#8217;?<\/p>\n<p>L&#8217;eliminazione del voto popolare per la scelta di senatori e consiglieri provinciali rispetta il principio di PARTECIPAZIONE?<\/p>\n<p>La concentrazione di buona parte del potere decisionale nelle mani di poche persone (magari espressione di una striminzita maggioranza elettorale, ben lontana dall&#8217;avere un consenso maggioritario tra i cittadini) \u00e8 coerente con il principio del BENE COMUNE?<\/p>\n<p>La \u201ctirannia della maggioranza\u201d di un sistema politico che, in nome della rapidit\u00e0 ed efficienza nelle decisioni, mortifica il confronto e la ricerca di soluzioni condivise tra la parte che raccoglie pi\u00f9 voti e le altre componenti della comunit\u00e0 politica d\u00e0 attuazione al principio di SOLIDARIETA&#8217;?<\/p>\n<p>L&#8217;appoggio incondizionato che le proposte hanno ricevuto da tutti i grandi potentati economico \u2013 finanziari nazionali e globali \u00e8 un indicatore positivo della loro adeguatezza a realizzare il principio della DESTINAZIONE UNIVERSALE DEI BENI?<\/p>\n<p>Il s\u00ec o il no che ognuno di noi ha il diritto \u2013 dovere di esprimere sulla scheda referendaria non pu\u00f2 che discendere anche dai s\u00ec e dai no che in coscienza daremo a queste domande.<\/p>\n<p>&nbsp;<\/p>\n","protected":false},"excerpt":{"rendered":"<p>Nell&#8217;intento di fare un servizio alle associazioni parrocchiali e di stimolare un [&hellip;]<\/p>\n","protected":false},"author":3,"featured_media":0,"comment_status":"closed","ping_status":"closed","sticky":false,"template":"","format":"standard","meta":[],"categories":[1],"tags":[],"_links":{"self":[{"href":"https:\/\/www.azionecattolicacremona.it\/portale\/wp-json\/wp\/v2\/posts\/1987"}],"collection":[{"href":"https:\/\/www.azionecattolicacremona.it\/portale\/wp-json\/wp\/v2\/posts"}],"about":[{"href":"https:\/\/www.azionecattolicacremona.it\/portale\/wp-json\/wp\/v2\/types\/post"}],"author":[{"embeddable":true,"href":"https:\/\/www.azionecattolicacremona.it\/portale\/wp-json\/wp\/v2\/users\/3"}],"replies":[{"embeddable":true,"href":"https:\/\/www.azionecattolicacremona.it\/portale\/wp-json\/wp\/v2\/comments?post=1987"}],"version-history":[{"count":2,"href":"https:\/\/www.azionecattolicacremona.it\/portale\/wp-json\/wp\/v2\/posts\/1987\/revisions"}],"predecessor-version":[{"id":1992,"href":"https:\/\/www.azionecattolicacremona.it\/portale\/wp-json\/wp\/v2\/posts\/1987\/revisions\/1992"}],"wp:attachment":[{"href":"https:\/\/www.azionecattolicacremona.it\/portale\/wp-json\/wp\/v2\/media?parent=1987"}],"wp:term":[{"taxonomy":"category","embeddable":true,"href":"https:\/\/www.azionecattolicacremona.it\/portale\/wp-json\/wp\/v2\/categories?post=1987"},{"taxonomy":"post_tag","embeddable":true,"href":"https:\/\/www.azionecattolicacremona.it\/portale\/wp-json\/wp\/v2\/tags?post=1987"}],"curies":[{"name":"wp","href":"https:\/\/api.w.org\/{rel}","templated":true}]}}