{"id":2018,"date":"2016-11-30T21:57:27","date_gmt":"2016-11-30T20:57:27","guid":{"rendered":"http:\/\/www.azionecattolicacremona.it\/portale\/?p=2018"},"modified":"2016-11-30T22:07:51","modified_gmt":"2016-11-30T21:07:51","slug":"8-dicembre-festa-delladesione-6","status":"publish","type":"post","link":"https:\/\/www.azionecattolicacremona.it\/portale\/2016\/11\/8-dicembre-festa-delladesione-6\/","title":{"rendered":"8 dicembre: Festa dell&#8217;adesione"},"content":{"rendered":"<p>Carissimi,<\/p>\n<p>all&#8217;avvicinarsi della Festa dell&#8217;adesione molte sono le iniziative che nelle parrocchie e a livello diocesano verranno realizzate con l&#8217;obiettivo di favorire il coinvolgimento e la motivazione di tanti ragazzi, giovani e adulti che anche quest&#8217;anno diranno s\u00ec all&#8217;Associazione. Sar\u00e0 un&#8217;occasione preziosa per mostrare quanto \u00e8 bella la vita associativa e quanto sono belle le storie delle persone che\u00a0nel tempo hanno incontrato\u00a0e ancora oggi scelgono\u00a0l&#8217;Ac.<\/p>\n<p>Per favorire questi momenti di condivisione e di festa e sostenere l&#8217;impegno di quanti li stanno pensando, l&#8217;Area della Promozione associativa ha messo a disposizione alcuni materiali, liberamente scaricabili da internet e personalizzabili. Alla pagina web dedicata all&#8217;adesione 2017 &#8211;\u00a0 <a href=\"http:\/\/azionecattolica.it\/adesione\/adesione-2017\">http:\/\/azionecattolica.it\/adesione\/adesione-2017<\/a> &#8211; \u00a0potrete trovare:<\/p>\n<p>&#8211; la grafica che abbiamo scelto per accompagnare lo slogan &#8220;Bella storia&#8221;, adatta, ad esempio, per i profili social delle nostre associazioni o da utilizzare nei materiali cartacei, e la locandina da stampare per gli incontri diocesani e parrocchiali;<\/p>\n<p>&#8211; il segnalibro con il calendario dell&#8217;anno e le parole chiave della vita associativa, utile per proporre l&#8217;Ac in parrocchia in particolare\u00a0a chi non la conosce;<\/p>\n<p>&#8211; la proposta per la preghiera in occasione della Festa dell&#8217;adesione, da utilizzare ad esempio per una veglia, per la celebrazione eucaristica o per momenti di preghiera in gruppo;<\/p>\n<p>&#8211; la cartolina da utilizzare per le assemblee parrocchiali: vi chiediamo di mettere una foto della vostra AC parrocchiale che racconti qualcosa di quello che fate o, semplicemente, vi ritragga tutti insieme e di scrivere sul retro una scelta per il futuro, che rappresenti un impegno per i prossimi anni;<\/p>\n<p>&#8211; le slide con una piccola sintesi della proposta formativa dell&#8217;Ac per questo anno associativo, utilizzabile per gli incontri diocesani o parrocchiali che state organizzando in questo periodo.<\/p>\n<p>Inoltre, sul canale youtube dell&#8217;Ac &#8211; <a href=\"https:\/\/www.youtube.com\/user\/azionecattolicaita\/playlists\">https:\/\/www.youtube.com\/user\/azionecattolicaita\/playlists<\/a> &#8211; troverete tanti video per animare gli incontri e, in particolare, i saluti del Presidente nazionale e dei Responsabili nazionali dei Settori, dell&#8217;ACR e dei Movimenti.<\/p>\n<p>Insomma, le proposte sono tante&#8230; Sicuramente ciascuno di voi sapr\u00e0 come usarle al meglio.<\/p>\n<p>Vi ringraziamo per l&#8217;impegno con cui, anche quest&#8217;anno, state curando il tempo dell&#8217;adesione all&#8217;Ac. Proporre la vita associativa \u00e8 proporre un&#8217;esperienza bella di vita cristiana che ciascuno di noi ha sperimentato. Proporre l&#8217;Ac, ne siamo convinti, \u00e8 proporre una Bella storia!<\/p>\n<p style=\"text-align: right;\">\u00a0I Responsabili dell&#8217;Area Promozione Associativa<\/p>\n<p><strong>\u00a0<\/strong><\/p>\n<p style=\"text-align: left;\"><strong>N.B.: <\/strong>NELLA PAGINA <strong><em>UNITARIA <\/em><\/strong>SONO DISPONIBILI LE QUOTE E IL PROSPETTO RIEPILOGATIVO PER LE ADESIONI<\/p>\n<table style=\"height: 22px;\" width=\"482\">\n<tbody>\n<tr>\n<td width=\"397\"><\/td>\n<\/tr>\n<tr>\n<td width=\"397\"><\/td>\n<\/tr>\n<\/tbody>\n<\/table>\n","protected":false},"excerpt":{"rendered":"<p>Carissimi, all&#8217;avvicinarsi della Festa dell&#8217;adesione molte sono le iniziative che nelle parrocchie [&hellip;]<\/p>\n","protected":false},"author":2,"featured_media":0,"comment_status":"closed","ping_status":"closed","sticky":false,"template":"","format":"standard","meta":[],"categories":[13],"tags":[76,148],"_links":{"self":[{"href":"https:\/\/www.azionecattolicacremona.it\/portale\/wp-json\/wp\/v2\/posts\/2018"}],"collection":[{"href":"https:\/\/www.azionecattolicacremona.it\/portale\/wp-json\/wp\/v2\/posts"}],"about":[{"href":"https:\/\/www.azionecattolicacremona.it\/portale\/wp-json\/wp\/v2\/types\/post"}],"author":[{"embeddable":true,"href":"https:\/\/www.azionecattolicacremona.it\/portale\/wp-json\/wp\/v2\/users\/2"}],"replies":[{"embeddable":true,"href":"https:\/\/www.azionecattolicacremona.it\/portale\/wp-json\/wp\/v2\/comments?post=2018"}],"version-history":[{"count":4,"href":"https:\/\/www.azionecattolicacremona.it\/portale\/wp-json\/wp\/v2\/posts\/2018\/revisions"}],"predecessor-version":[{"id":2024,"href":"https:\/\/www.azionecattolicacremona.it\/portale\/wp-json\/wp\/v2\/posts\/2018\/revisions\/2024"}],"wp:attachment":[{"href":"https:\/\/www.azionecattolicacremona.it\/portale\/wp-json\/wp\/v2\/media?parent=2018"}],"wp:term":[{"taxonomy":"category","embeddable":true,"href":"https:\/\/www.azionecattolicacremona.it\/portale\/wp-json\/wp\/v2\/categories?post=2018"},{"taxonomy":"post_tag","embeddable":true,"href":"https:\/\/www.azionecattolicacremona.it\/portale\/wp-json\/wp\/v2\/tags?post=2018"}],"curies":[{"name":"wp","href":"https:\/\/api.w.org\/{rel}","templated":true}]}}