{"id":2063,"date":"2017-01-21T21:17:10","date_gmt":"2017-01-21T20:17:10","guid":{"rendered":"http:\/\/www.azionecattolicacremona.it\/portale\/?p=2063"},"modified":"2017-01-21T21:19:03","modified_gmt":"2017-01-21T20:19:03","slug":"esercizi-spirituali-per-i-giovani","status":"publish","type":"post","link":"https:\/\/www.azionecattolicacremona.it\/portale\/2017\/01\/esercizi-spirituali-per-i-giovani\/","title":{"rendered":"Esercizi spirituali per i giovani"},"content":{"rendered":"<p>La Federazione Oratori propone un week end di <strong>esercizi spirituali per i giovani\u00a0<\/strong>durante il periodo di Quaresima, che si terr\u00e0 all&#8217;Eremo di Montecastello, Tignale (BS), nei giorni 10\/11\/12 marzo 2017.<\/p>\n<p>Il tema sar\u00e0 centrato sulle <strong>parole del Magnificat:<\/strong><\/p>\n<p style=\"text-align: center;\"><strong>\u201cGRANDI COSE HA FATTO IN ME\u201d<\/strong>.<\/p>\n<p>Accompagner\u00e0 la riflessione la <strong>prof. Rosanna Virgili,<\/strong> docente di Sacra Scrittura presso la Pontifica Universit\u00e0 Lateranense di Roma.<\/p>\n<p>Il soggiorno \u00e8 previsto in camera singola; occorre portare le lenzuola o il sacco a pelo, il necessario per l&#8217;igiene personale e gli asciugamani. Sar\u00e0 utile anche la Bibbia. Il resto sar\u00e0 fornito dall\u2019Eremo. Ci si deve organizzare autonomamente per il viaggio; l\u2019arrivo \u00e8 previsto per le 19.00 di venerd\u00ec 10 marzo e il rientro sar\u00e0 nel pomeriggio di domenica 12 marzo. Il costo della pensione completa \u00e8 di 95 euro (chiedere presso il proprio Oratorio per eventuali contributi).<\/p>\n<p>Vi invitiamo a partecipare!<\/p>\n<p><a href=\"http:\/\/www.azionecattolicacremona.it\/portale\/wp-content\/uploads\/2017\/01\/Locandina-Tignale-2017_web.pdf\">Locandina-Tignale-2017_web<\/a><\/p>\n","protected":false},"excerpt":{"rendered":"<p>La Federazione Oratori propone un week end di esercizi spirituali per i [&hellip;]<\/p>\n","protected":false},"author":2,"featured_media":0,"comment_status":"closed","ping_status":"closed","sticky":false,"template":"","format":"standard","meta":[],"categories":[4],"tags":[60,151],"_links":{"self":[{"href":"https:\/\/www.azionecattolicacremona.it\/portale\/wp-json\/wp\/v2\/posts\/2063"}],"collection":[{"href":"https:\/\/www.azionecattolicacremona.it\/portale\/wp-json\/wp\/v2\/posts"}],"about":[{"href":"https:\/\/www.azionecattolicacremona.it\/portale\/wp-json\/wp\/v2\/types\/post"}],"author":[{"embeddable":true,"href":"https:\/\/www.azionecattolicacremona.it\/portale\/wp-json\/wp\/v2\/users\/2"}],"replies":[{"embeddable":true,"href":"https:\/\/www.azionecattolicacremona.it\/portale\/wp-json\/wp\/v2\/comments?post=2063"}],"version-history":[{"count":2,"href":"https:\/\/www.azionecattolicacremona.it\/portale\/wp-json\/wp\/v2\/posts\/2063\/revisions"}],"predecessor-version":[{"id":2066,"href":"https:\/\/www.azionecattolicacremona.it\/portale\/wp-json\/wp\/v2\/posts\/2063\/revisions\/2066"}],"wp:attachment":[{"href":"https:\/\/www.azionecattolicacremona.it\/portale\/wp-json\/wp\/v2\/media?parent=2063"}],"wp:term":[{"taxonomy":"category","embeddable":true,"href":"https:\/\/www.azionecattolicacremona.it\/portale\/wp-json\/wp\/v2\/categories?post=2063"},{"taxonomy":"post_tag","embeddable":true,"href":"https:\/\/www.azionecattolicacremona.it\/portale\/wp-json\/wp\/v2\/tags?post=2063"}],"curies":[{"name":"wp","href":"https:\/\/api.w.org\/{rel}","templated":true}]}}