{"id":217,"date":"2011-10-11T12:09:27","date_gmt":"2011-10-11T10:09:27","guid":{"rendered":"http:\/\/www.azionecattolicacremona.it\/portale\/?p=217"},"modified":"2011-10-11T14:44:19","modified_gmt":"2011-10-11T12:44:19","slug":"linee-annuali-giovani-2011-2012","status":"publish","type":"post","link":"https:\/\/www.azionecattolicacremona.it\/portale\/2011\/10\/linee-annuali-giovani-2011-2012\/","title":{"rendered":"Linee annuali Giovani 2011-2012"},"content":{"rendered":"<p>L\u2019incontro di ogni giovane e giovanissimo con Cristo Risorto: se volessimo riassumere in poche parole l\u2019obiettivo primo che si pone il Settore Giovani dell\u2019Azione Cattolica useremmo queste. Le proposte che anche quest\u2019anno ci impegniamo a organizzare e promuovere vorrebbero aiutare tutti i nostri giovani a compiere una scelta di sequela paziente e quotidiana, a farsi missionari fra i propri coetanei e in tutti gli ambienti che frequentano e ad assumere un ruolo di primo piano da laici nella Chiesa. Per questo serve che la formazione cristiana e umana diventi un appuntamento fisso e irrinunciabile, nonostante le stanchezze e i tanti impegni.<!--more--><\/p>\n<p><span class=\"Apple-style-span\" style=\"font-size: 22px; line-height: 32px;\">GIOVANISSIMI<\/span><\/p>\n<p>In questi anni il Settore ha investito parecchie risorse nella formazione dedicata a questa fascia d\u2019et\u00e0. \u00c8 un impegno che vogliamo rinnovare con ancora pi\u00f9 energia: per questo ci proponiamo quest\u2019anno di sondare le parrocchie della nostra Diocesi alla ricerca di gruppi giovanissimi in partenza da sostenere e accompagnare nel loro cammino ordinario e gruppi parrocchiali in difficolt\u00e0, da aiutare e rinforzare con il nostro appoggio.<\/p>\n<p>Non mancheranno, come sempre, le proposte diocesane, momenti preziosissimi di formazione e spiritualit\u00e0 per tutti gli associati e simpatizzanti:<\/p>\n<ul>\n<li>Camposcuola Invernale (27-30 dicembre 2011)<\/li>\n<li>Weekend di spiritualit\u00e0 in occasione della quaresima (10-11 marzo 2011)<\/li>\n<li>Camposcuola Estivo (agosto 2011)<\/li>\n<\/ul>\n<p>&nbsp;<\/p>\n<h2>GIOVANI<\/h2>\n<p>Nel prossimo anno associativo continueremo a proporre diverse modalit\u00e0 di formazione per i giovani.<\/p>\n<p>Non mancher\u00e0 l\u2019ormai rodata proposta delle giornate formative diocesane. Quest\u2019anno tratteremo il tema del lavoro, in un percorso intitolato \u201cLabora! E ora?\u201d. Sar\u00e0 strutturato in quattro momenti formativi nel corso dell\u2019anno, in cui il tema sar\u00e0 affrontato con diversi approcci.<\/p>\n<ul>\n<li>1 incontro: 16 ottobre 2011<\/li>\n<\/ul>\n<p>Cosa vuol dire \u201clavoro\u201d oggi?<\/p>\n<ul>\n<li>2 incontro: 11 dicembre 2011<\/li>\n<\/ul>\n<p>Il lavoro per l&#8217;uomo o l&#8217;uomo per il lavoro?<\/p>\n<ul>\n<li>3 incontro: \u00a0\u00a0\u00a0\u00a0\u00a0\u00a0\u00a0\u00a0\u00a0\u00a0\u00a0\u00a0\u00a0\u00a0\u00a0 22 gennaio 2012<\/li>\n<\/ul>\n<p>\u201cCon il sudore del tuo volto\u2026\u201d \u2013 Il lavoro nelle Sacre Scritture<\/p>\n<ul>\n<li>4 incontro: \u00a0\u00a0\u00a0\u00a0\u00a0\u00a0\u00a0\u00a0\u00a0\u00a0\u00a0\u00a0\u00a0\u00a0\u00a0 15 aprile 2012<\/li>\n<\/ul>\n<p>Persone non merci. Il lavoro nel magistero della Chiesa.<\/p>\n<p>A questi incontri si aggiunge il weekend di spiritualit\u00e0 in occasione della quaresima, durante il quale condivideremo alcuni momenti anche con i giovanissimi, che ci permetter\u00e0 di soffermarci su un aspetto fondamentale della nostra vita di fede. Il weekend si terr\u00e0 il 10-11 marzo 2012.<\/p>\n<p>A livello zonale o parrocchiale incentiviamo la realizzazione di laboratori di partecipazione, da organizzare anche in collaborazione con il settore adulti. Dove sussistono le condizioni per la realizzazione dei laboratori, il centro diocesano si rende disponibile per un aiuto da concordare. E&#8217; gi\u00e0 disponibile presso la sede diocesana dell\u2019Azione Cattolica il materiale relativo a diversi laboratori.<\/p>\n","protected":false},"excerpt":{"rendered":"<p>L\u2019incontro di ogni giovane e giovanissimo con Cristo Risorto: se volessimo riassumere [&hellip;]<\/p>\n","protected":false},"author":2,"featured_media":0,"comment_status":"closed","ping_status":"open","sticky":false,"template":"","format":"standard","meta":[],"categories":[4],"tags":[24,23],"_links":{"self":[{"href":"https:\/\/www.azionecattolicacremona.it\/portale\/wp-json\/wp\/v2\/posts\/217"}],"collection":[{"href":"https:\/\/www.azionecattolicacremona.it\/portale\/wp-json\/wp\/v2\/posts"}],"about":[{"href":"https:\/\/www.azionecattolicacremona.it\/portale\/wp-json\/wp\/v2\/types\/post"}],"author":[{"embeddable":true,"href":"https:\/\/www.azionecattolicacremona.it\/portale\/wp-json\/wp\/v2\/users\/2"}],"replies":[{"embeddable":true,"href":"https:\/\/www.azionecattolicacremona.it\/portale\/wp-json\/wp\/v2\/comments?post=217"}],"version-history":[{"count":5,"href":"https:\/\/www.azionecattolicacremona.it\/portale\/wp-json\/wp\/v2\/posts\/217\/revisions"}],"predecessor-version":[{"id":287,"href":"https:\/\/www.azionecattolicacremona.it\/portale\/wp-json\/wp\/v2\/posts\/217\/revisions\/287"}],"wp:attachment":[{"href":"https:\/\/www.azionecattolicacremona.it\/portale\/wp-json\/wp\/v2\/media?parent=217"}],"wp:term":[{"taxonomy":"category","embeddable":true,"href":"https:\/\/www.azionecattolicacremona.it\/portale\/wp-json\/wp\/v2\/categories?post=217"},{"taxonomy":"post_tag","embeddable":true,"href":"https:\/\/www.azionecattolicacremona.it\/portale\/wp-json\/wp\/v2\/tags?post=217"}],"curies":[{"name":"wp","href":"https:\/\/api.w.org\/{rel}","templated":true}]}}