{"id":220,"date":"2011-10-11T12:10:25","date_gmt":"2011-10-11T10:10:25","guid":{"rendered":"http:\/\/www.azionecattolicacremona.it\/portale\/?p=220"},"modified":"2011-10-11T14:44:19","modified_gmt":"2011-10-11T12:44:19","slug":"linee-annuali-acr-2011-2012","status":"publish","type":"post","link":"https:\/\/www.azionecattolicacremona.it\/portale\/2011\/10\/linee-annuali-acr-2011-2012\/","title":{"rendered":"Linee annuali ACR 2011-2012"},"content":{"rendered":"<p>Il tema del nuovo anno associativo dell\u2019Azione Cattolica dei Ragazzi \u00e8 \u201cPunta in alto\u201d. Fedeli a questo tema vogliamo darci mete alte, ma alla nostra portata.<\/p>\n<p>Per questo anche quest\u2019anno mettiamo al primo posto la formazione spirituale e umana dei nostri ragazzi e dei nostri educatori. Consapevoli del fatto che si pu\u00f2 dare solo quello che si ha insisteremo per dare opportunit\u00e0 formative diversificate a tutti gli educatori. Tra le proposte concrete vi \u00e8 la due giorni di formazione per educatori ACR che si terr\u00e0 il 19 e 20 Novembre. A questo appuntamento invitiamo tutti gli educatori ACR per darci un tempo ragionevole di incontro, preghiera e formazione. Tra i temi di formazione vi saranno: la sequela di Cristo, la vita di fede e spirituale, il metodo ACR oggi, lo stile dell\u2019educatore ACR e la regola di vita.<!--more--> Vogliamo offrire anche altre opportunit\u00e0 formative ai gruppi educatori che lo richiederanno. Ci rendiamo disponibili a studiare momenti formativi ad hoc e percorsi di accompagnamento per gli educatori delle singole parrocchie per rispondere alle diverse necessit\u00e0 che ogni singola realt\u00e0 pu\u00f2 incontrare come per esempio l\u2019accompagnamento dei nuovi educatori, le gestione del gruppo educatori, la responsabilit\u00e0 educativa, \u2026 . Chiediamo agli educatori la disponibilit\u00e0 a rimettersi in gioco e a fare del servizio educativo nell\u2019ACR uno dei cardini della propria vita al pari di studio, lavoro, amicizie e vita sentimentale. Per salvaguardare lo spirito diocesano della nostra associazione chiediamo tuttavia a tutti i gruppi ACR di essere presenti agli incontri zonali e diocesani che vengono organizzati per i ragazzi dell\u2019ACR. Chiediamo lo sforzo di una programmazione seria e attenta ad evitare sovrapposizioni con attivit\u00e0 sportive o di catechismo nelle singole parrocchie, dando per tempo ai nostri sacerdoti le date per noi importanti in cui sarebbe utile non disperdere i nostri ragazzi nei mille rivoli della \u201cpastorale iperattiva\u201d delle nostre comunit\u00e0. Tra le proposte di servizio che il centro diocesano fornisce vi \u00e8 anche quella di percorsi di ripartenza dell\u2019esperienza ACR nelle comunit\u00e0 parrocchiali che lo desiderassero.<\/p>\n<p>Ricordiamo fin da ora la festa unitaria il 20 maggio, i ritiri di avvento nelle zone ( alcune organizzate nelle domeniche di avvento e altre il 23 dicembre in Seminario per la zona 6 e al Santuario di Castelleone per la zona 3), le feste zonali della pace e degli incontri, i ritiri di quaresima nelle zone, la festa della pace per la citt\u00e0 di Cremona e nelle zone, le feste degli incontri zonali, il Campo diocesano ACR e gli Esercizi Spirituali a settembre in seminario.<\/p>\n<p>Il programma diocesano prevede poi il Concorso della Pace rivolto anche a gruppi di catechismo e alle scuole.<\/p>\n<p>Da ultimo vogliamo ringraziare tutti quegli educatori che spendono tempo ed energie per i pi\u00f9 piccoli e che portano avanti cammini ACR pur nella fatica, nel non riconoscimento e spesso nella marginalizzazione perch\u00e9 credono l\u2019importanza dell\u2019ACR per le nostre comunit\u00e0 e del suo servizio per la formazione di cristiani autentici e pensanti<\/p>\n","protected":false},"excerpt":{"rendered":"<p>Il tema del nuovo anno associativo dell\u2019Azione Cattolica dei Ragazzi \u00e8 \u201cPunta [&hellip;]<\/p>\n","protected":false},"author":2,"featured_media":0,"comment_status":"closed","ping_status":"open","sticky":false,"template":"","format":"standard","meta":[],"categories":[6],"tags":[24,23],"_links":{"self":[{"href":"https:\/\/www.azionecattolicacremona.it\/portale\/wp-json\/wp\/v2\/posts\/220"}],"collection":[{"href":"https:\/\/www.azionecattolicacremona.it\/portale\/wp-json\/wp\/v2\/posts"}],"about":[{"href":"https:\/\/www.azionecattolicacremona.it\/portale\/wp-json\/wp\/v2\/types\/post"}],"author":[{"embeddable":true,"href":"https:\/\/www.azionecattolicacremona.it\/portale\/wp-json\/wp\/v2\/users\/2"}],"replies":[{"embeddable":true,"href":"https:\/\/www.azionecattolicacremona.it\/portale\/wp-json\/wp\/v2\/comments?post=220"}],"version-history":[{"count":6,"href":"https:\/\/www.azionecattolicacremona.it\/portale\/wp-json\/wp\/v2\/posts\/220\/revisions"}],"predecessor-version":[{"id":289,"href":"https:\/\/www.azionecattolicacremona.it\/portale\/wp-json\/wp\/v2\/posts\/220\/revisions\/289"}],"wp:attachment":[{"href":"https:\/\/www.azionecattolicacremona.it\/portale\/wp-json\/wp\/v2\/media?parent=220"}],"wp:term":[{"taxonomy":"category","embeddable":true,"href":"https:\/\/www.azionecattolicacremona.it\/portale\/wp-json\/wp\/v2\/categories?post=220"},{"taxonomy":"post_tag","embeddable":true,"href":"https:\/\/www.azionecattolicacremona.it\/portale\/wp-json\/wp\/v2\/tags?post=220"}],"curies":[{"name":"wp","href":"https:\/\/api.w.org\/{rel}","templated":true}]}}