{"id":233,"date":"2011-10-11T12:24:43","date_gmt":"2011-10-11T10:24:43","guid":{"rendered":"http:\/\/www.azionecattolicacremona.it\/portale\/?p=233"},"modified":"2011-10-11T14:44:19","modified_gmt":"2011-10-11T12:44:19","slug":"linee-annuali-adulti-2011-2012","status":"publish","type":"post","link":"https:\/\/www.azionecattolicacremona.it\/portale\/2011\/10\/linee-annuali-adulti-2011-2012\/","title":{"rendered":"Linee annuali Adulti 2011-2012"},"content":{"rendered":"<p>Il settore adulti fa proprie le istanze del programma unitario triennale e cercher\u00e0 di attuarlo all\u2019interno di proposte rivolte a tutti gli aderenti e di altre specifiche per il settore.<\/p>\n<p>La <strong>formazione<\/strong> rimane l\u2019impegno principale a cui guardare, con un\u2019attenzione particolare ai gruppi parrocchiali o interparrocchiali. Per questo, con l\u2019inizio del nuovo anno, verr\u00e0 proposto ad ogni parrocchia un <strong>questionario<\/strong> finalizzato a conoscere le modalit\u00e0 della formazione (destinatari, gestione, uso del testo&#8230;). Si cercher\u00e0 cos\u00ec di incontrare le varie esperienze, da quelle pi\u00f9 organizzate a quelle pi\u00f9 in difficolt\u00e0, in modo da poter creare relazioni che aiutino i gruppi, anche con il sostegno del Centro Diocesano, laddove ce ne sia bisogno, a \u201cfare Azione Cattolica\u201d nelle realt\u00e0 pi\u00f9 vicine alla gente delle nostre parrocchie.<!--more--><\/p>\n<p><strong>L\u2019\u00e9quipe adulti<\/strong>, inoltre, ha iniziato un nuovo avvio, programmando incontri pi\u00f9 frequenti e individuando disponibilit\u00e0 per il sostegno alle parrocchie da parte del Centro Diocesano. Si cercher\u00e0 di valutare i criteri per l\u2019aiuto alle esperienze parrocchiali, mediando le diverse richieste, finalizzandole alla crescita di laici adulti capaci di responsabilit\u00e0 ed attenzione per la maturazione delle persone che partecipano alla vita associativa e non solo.<\/p>\n<p>Tra le <strong>iniziative<\/strong> specifiche, agli adulti sono destinate tutte quelle inserite nel calendario, a carattere culturale, formativo e spirituale. Si segnalano soprattutto i ritiri di Avvento e di Quaresima nelle macro-zone, il convegno in preparazione alla giornata dell\u2019adesione (quest\u2019anno in ricordo di Piergiorgio Frassati), gli appuntamenti di Scuola della Parola in citt\u00e0. Un nuovo appuntamento vedr\u00e0 tutta l\u2019Associazione impegnata in un incontro di inizio anno con il Vescovo, che ci introdurr\u00e0 al brano del Vangelo che caratterizza quest\u2019anno la nostra formazione. Sono inoltre da segnare sull\u2019agenda le varie proposte che l\u2019Associazione avvier\u00e0 nelle <strong>zone<\/strong>.<\/p>\n<p>Un\u2019attenzione specifica viene destinata come ogni anno agli adultissimi della <strong>terza et\u00e0,<\/strong> a cui verranno rivolte iniziative quali gli incontri di spiritualit\u00e0, incontri formativi, le iniziative del mese mariano. Si tratta di persone che sono molto numerose nella nostra associazione, a cui riservare un interesse particolare, perch\u00e9 molto sanno dare e molto desiderano per il proprio cammino di formazione e di spiritualit\u00e0.<\/p>\n<p>Per le <strong>famiglie<\/strong>, a cui viene dedicato ogni anno uno specifico camposcuola, si cercher\u00e0 di dare continuit\u00e0 all\u2019esperienza, attraverso alcuni momenti di incontro, che possano coltivare e sostenere la ricchezza e l\u2019impegno che il campo sa generare. Si tratta di momenti semplici, ma che possono creare una continuit\u00e0 formativa che aiuti veramente le persone a crescere.<\/p>\n<p>L\u2019esperienza di <strong>Partecipolis,<\/strong> che per gli adulti della citt\u00e0 \u00e8 diventata un importante appuntamento, continuer\u00e0 ad essere posta all\u2019attenzione di chi ha interesse a conoscere ed approfondire le tematiche socio-politiche che ci coinvolgono ogni giorno, spesso a nostra insaputa. Per questo sarebbe importante che anche in altre zone l\u2019AC si facesse promotrice, con le altre associazioni, di momenti di approfondimento che aiutino i laici a discernere meglio i segni dei tempi in questa societ\u00e0 cos\u00ec particolare.<\/p>\n<p>Altre iniziative o attenzioni sono contenute nel programma unitario triennale e nel calendario annuale, che anche il settore adulti invita ad accogliere e ad approfondire, facendo propri gli obiettivi e le proposte, che possono contribuire alla nostra maturit\u00e0 di fede.<\/p>\n","protected":false},"excerpt":{"rendered":"<p>Il settore adulti fa proprie le istanze del programma unitario triennale e [&hellip;]<\/p>\n","protected":false},"author":2,"featured_media":0,"comment_status":"closed","ping_status":"open","sticky":false,"template":"","format":"standard","meta":[],"categories":[3],"tags":[24,23],"_links":{"self":[{"href":"https:\/\/www.azionecattolicacremona.it\/portale\/wp-json\/wp\/v2\/posts\/233"}],"collection":[{"href":"https:\/\/www.azionecattolicacremona.it\/portale\/wp-json\/wp\/v2\/posts"}],"about":[{"href":"https:\/\/www.azionecattolicacremona.it\/portale\/wp-json\/wp\/v2\/types\/post"}],"author":[{"embeddable":true,"href":"https:\/\/www.azionecattolicacremona.it\/portale\/wp-json\/wp\/v2\/users\/2"}],"replies":[{"embeddable":true,"href":"https:\/\/www.azionecattolicacremona.it\/portale\/wp-json\/wp\/v2\/comments?post=233"}],"version-history":[{"count":7,"href":"https:\/\/www.azionecattolicacremona.it\/portale\/wp-json\/wp\/v2\/posts\/233\/revisions"}],"predecessor-version":[{"id":291,"href":"https:\/\/www.azionecattolicacremona.it\/portale\/wp-json\/wp\/v2\/posts\/233\/revisions\/291"}],"wp:attachment":[{"href":"https:\/\/www.azionecattolicacremona.it\/portale\/wp-json\/wp\/v2\/media?parent=233"}],"wp:term":[{"taxonomy":"category","embeddable":true,"href":"https:\/\/www.azionecattolicacremona.it\/portale\/wp-json\/wp\/v2\/categories?post=233"},{"taxonomy":"post_tag","embeddable":true,"href":"https:\/\/www.azionecattolicacremona.it\/portale\/wp-json\/wp\/v2\/tags?post=233"}],"curies":[{"name":"wp","href":"https:\/\/api.w.org\/{rel}","templated":true}]}}