{"id":2363,"date":"2017-12-20T22:27:31","date_gmt":"2017-12-20T21:27:31","guid":{"rendered":"http:\/\/www.azionecattolicacremona.it\/portale\/?p=2363"},"modified":"2017-12-20T22:27:31","modified_gmt":"2017-12-20T21:27:31","slug":"scatti-di-pace","status":"publish","type":"post","link":"https:\/\/www.azionecattolicacremona.it\/portale\/2017\/12\/scatti-di-pace\/","title":{"rendered":"Scatti di pace"},"content":{"rendered":"<div><span style=\"font-family: Arial; font-size: small;\">L&#8217;Azione Cattolica della diocesi di Cremona sostiene l&#8217;iniziativa promossa dal ACI Nazionale per il mese della PACE 2018.<\/span><\/div>\n<p><span style=\"color: #0000ff; font-family: Arial; font-size: small;\"><span style=\"color: #000000;\">Ecco l&#8217;indirizzo da cui scaricare il sussidio completo: <\/span><\/span><br \/>\n<span style=\"color: #ff0000;\"><a class=\"moz-txt-link-freetext\" href=\"http:\/\/acr.azionecattolica.it\/pace\/scatti-di-pace-mese-pace-2018\">http:\/\/acr.azionecattolica.it\/pace\/scatti-di-pace-mese-pace-2018<\/a><\/span><\/p>\n<blockquote><p><img loading=\"lazy\" class=\"imagecache imagecache-img_nodo\n            imagecache-default imagecache-img_nodo_default\" src=\"http:\/\/acr.azionecattolica.it\/sites\/default\/files\/imagecache\/img_nodo\/mesepace2018_scatti-di-pace.jpeg\" alt=\"Scatti di Pace\" width=\"257\" height=\"155\" \/><\/p><\/blockquote>\n<p>L\u2019iniziativa di pace 2018, <em>Scatti di Pace<\/em>, rappresenta l\u2019occasione per guardare alla realt\u00e0 che ci circonda e, in una prospettiva allargata, a quella mondiale con l\u2019occhio di chi si fa attento ai bisogni, soprattutto il bisogno di pace e nel contempo riesce a scorgere il bene, il bello laddove esso si manifesta.<br \/>\nL\u2019invito \u00e8 quello di assumere uno sguardo \u201cfotografico\u201d per individuare l\u2019impegno di uomini e donne che costantemente si adoperano per la pace, raccogliere le loro azioni di gratuit\u00e0, di dono spontaneo di s\u00e9, di condivisione fraterna e tensione alla carit\u00e0.<\/p>\n<p>Come veri e propri fotografi siamo chiamati a mettere fuoco tutte quelle situazioni nel mondo di cui spesso ci si dimentica, come la realt\u00e0 dei rifugiati e dei migranti che fuggono nella maggior parte dei casi da guerre di cui nessuno si ricorda pi\u00f9, proprio come invita a fare Papa Francesco nel Messaggio per la LI Giornata Mondiale della Pace.<\/p>\n<p>In quest\u2019ottica il progetto di solidariet\u00e0 2018 incontra la realt\u00e0 di Terre des Hommes,<br \/>\nla federazione internazionale di 11 organizzazioni nazionali impegnate nella difesa dei diritti dei bambini e nella promozione di uno sviluppo equo, senza alcuna discriminazione etnica, religiosa, politica, culturale o di genere.<br \/>\nAssieme a Terre des Hommes vogliamo metterci accanto ai piccoli rifugiati\u00a0 (in particolare a oltre 200 bambini con disabilit\u00e0 fisiche e\/o mentali)\u00a0 nel territorio di Erbil, in Iraq, per migliorare le loro condizioni di vita e quelle delle loro famiglie offrendo supporto psicologico e un servizio di fisioterapia a domicilio; e aumentare la sensibilizzazione, la capacit\u00e0 di accoglienza e l\u2019integrazione delle persone con disabilit\u00e0 da parte della comunit\u00e0 locale.<\/p>\n<p>Attraverso l\u2019acquisto del gadget realizzato per l\u2019occasione, una cornice magnetica,<br \/>\npossiamo dare continuit\u00e0 a questo sogno di Terre des Hommes e soprattutto a quello di quanti fuggono dalla guerra alla ricerca di un futuro di pace.<\/p>\n","protected":false},"excerpt":{"rendered":"<p>L&#8217;Azione Cattolica della diocesi di Cremona sostiene l&#8217;iniziativa promossa dal ACI Nazionale [&hellip;]<\/p>\n","protected":false},"author":2,"featured_media":0,"comment_status":"closed","ping_status":"closed","sticky":false,"template":"","format":"standard","meta":[],"categories":[13],"tags":[56],"_links":{"self":[{"href":"https:\/\/www.azionecattolicacremona.it\/portale\/wp-json\/wp\/v2\/posts\/2363"}],"collection":[{"href":"https:\/\/www.azionecattolicacremona.it\/portale\/wp-json\/wp\/v2\/posts"}],"about":[{"href":"https:\/\/www.azionecattolicacremona.it\/portale\/wp-json\/wp\/v2\/types\/post"}],"author":[{"embeddable":true,"href":"https:\/\/www.azionecattolicacremona.it\/portale\/wp-json\/wp\/v2\/users\/2"}],"replies":[{"embeddable":true,"href":"https:\/\/www.azionecattolicacremona.it\/portale\/wp-json\/wp\/v2\/comments?post=2363"}],"version-history":[{"count":1,"href":"https:\/\/www.azionecattolicacremona.it\/portale\/wp-json\/wp\/v2\/posts\/2363\/revisions"}],"predecessor-version":[{"id":2364,"href":"https:\/\/www.azionecattolicacremona.it\/portale\/wp-json\/wp\/v2\/posts\/2363\/revisions\/2364"}],"wp:attachment":[{"href":"https:\/\/www.azionecattolicacremona.it\/portale\/wp-json\/wp\/v2\/media?parent=2363"}],"wp:term":[{"taxonomy":"category","embeddable":true,"href":"https:\/\/www.azionecattolicacremona.it\/portale\/wp-json\/wp\/v2\/categories?post=2363"},{"taxonomy":"post_tag","embeddable":true,"href":"https:\/\/www.azionecattolicacremona.it\/portale\/wp-json\/wp\/v2\/tags?post=2363"}],"curies":[{"name":"wp","href":"https:\/\/api.w.org\/{rel}","templated":true}]}}