{"id":2594,"date":"2018-12-18T21:46:02","date_gmt":"2018-12-18T20:46:02","guid":{"rendered":"http:\/\/www.azionecattolicacremona.it\/portale\/?p=2594"},"modified":"2018-12-18T21:46:02","modified_gmt":"2018-12-18T20:46:02","slug":"pace-2019","status":"publish","type":"post","link":"https:\/\/www.azionecattolicacremona.it\/portale\/2018\/12\/pace-2019\/","title":{"rendered":"Pace 2019"},"content":{"rendered":"<p align=\"justify\"><em>La pace \u00e8 servita<\/em>: questo lo slogan dell\u2019iniziativa di Pace 2019 che ci sollecita a riflettere sulla libert\u00e0, la dignit\u00e0 e l&#8217;autonomia personale ed economica come vie verso la costruzione della pace. In un tempo in cui il valore di ci\u00f2 che acquistiamo e mangiamo non sempre corrisponde al valore reale dei prodotti e al lavoro necessario per portarli nelle nostre tavole, l&#8217;Azione Cattolica ha scelto, dunque, per quest&#8217;anno di dedicare il mese della pace proprio ad un progetto che mette al centro il valore del cibo e la dignit\u00e0 delle persone e dei lavoratori che impiegano i propri sforzi per produrlo, soprattutto in paesi nei quali le condizioni economiche e sociali sono pi\u00f9 difficili.<\/p>\n<p align=\"justify\">In questo contesto la politica assume certamente un ruolo cruciale. Lo stesso Papa Francesco ha pi\u00f9 volte richiamato l\u2019esigenza di una buona politica, una politica con la \u201cP\u201d maiuscola \u00a0che sia in grado di dare risposte inedite ed efficaci, all&#8217;altezza delle sfide che il contemporaneo ci propone. In tale orizzonte la costruzione della pace passa dunque, attraverso la tutela dei diritti e della libert\u00e0 di tutti, e nasce da una piena autonomia personale, economica e sociale. A questo obbiettivo tende la campagna di FOCSIV (Federazione degli Organismi Cristiani Servizio Internazionale Volontario) \u201cAbbiamo riso per una cosa seria\u201d, che l\u2019Azione Cattolica Italiana ha scelto di sostenere. L\u2019intendo di tale Campagna \u00e8 quello di promuovere l\u2019agricoltura familiare in Italia e nei Paesi del Sud del mondo come modello sostenibile, pi\u00f9 equo e pi\u00f9 giusto di democrazia alimentare, puntando sull\u2019alleanza globale tra gli agricoltori.<\/p>\n<p align=\"justify\">Attraverso l\u2019acquisto del gadget appositamente ideato per l\u2019occasione, un piccolo kit da tavola personalizzabile realizzato in Italia con materiali riciclati ed ecosostenibili, possiamo contribuire e sostenere la Campagna \u201cAbbiamo riso per una cosa seria\u201d e l\u2019impegno di FOCSIV nella difesa della libert\u00e0, dell&#8217;autonomia e della possibilit\u00e0 di consentire a tutti di vivere una vita piena e buona. Facendoci carico di questo impegno personale &#8211; anche se piccolo, a misura di ogni et\u00e0 &#8211; potremo dire che almeno per oggi, anche solo per un breve ma importante momento <em>La pace \u00e8 servita<\/em>.<\/p>\n<p><span style=\"color: #0000ff; font-family: Arial; font-size: small;\"><span style=\"color: #000000;\"> l&#8217;indirizzo del sito <\/span><\/span>per scaricare il sussidio:<\/p>\n<p><span style=\"color: #3333ff; font-family: Arial; font-size: small;\"><a class=\"moz-txt-link-freetext\" href=\"http:\/\/acr.azionecattolica.it\/pace\/la-pace-e-servita\">http:\/\/acr.azionecattolica.it\/pace\/la-pace-e-servita<\/a><\/span><\/p>\n<p>&nbsp;<\/p>\n<p>.<\/p>\n<p align=\"justify\"><img class=\"\" src=\"mailbox:\/\/\/C:\/Users\/SysAdmin\/AppData\/Roaming\/Thunderbird\/Profiles\/gexwy2p4.default\/Mail\/Local%20Folders\/Inbox.sbd\/Irma.sbd\/ACR?number=213930772&amp;part=1.2.3&amp;filename=ihmjhglkahnfildi.jpg\" alt=\"\" \/><\/p>\n","protected":false},"excerpt":{"rendered":"<p>La pace \u00e8 servita: questo lo slogan dell\u2019iniziativa di Pace 2019 che [&hellip;]<\/p>\n","protected":false},"author":2,"featured_media":0,"comment_status":"closed","ping_status":"closed","sticky":false,"template":"","format":"standard","meta":[],"categories":[6],"tags":[148,56],"_links":{"self":[{"href":"https:\/\/www.azionecattolicacremona.it\/portale\/wp-json\/wp\/v2\/posts\/2594"}],"collection":[{"href":"https:\/\/www.azionecattolicacremona.it\/portale\/wp-json\/wp\/v2\/posts"}],"about":[{"href":"https:\/\/www.azionecattolicacremona.it\/portale\/wp-json\/wp\/v2\/types\/post"}],"author":[{"embeddable":true,"href":"https:\/\/www.azionecattolicacremona.it\/portale\/wp-json\/wp\/v2\/users\/2"}],"replies":[{"embeddable":true,"href":"https:\/\/www.azionecattolicacremona.it\/portale\/wp-json\/wp\/v2\/comments?post=2594"}],"version-history":[{"count":1,"href":"https:\/\/www.azionecattolicacremona.it\/portale\/wp-json\/wp\/v2\/posts\/2594\/revisions"}],"predecessor-version":[{"id":2595,"href":"https:\/\/www.azionecattolicacremona.it\/portale\/wp-json\/wp\/v2\/posts\/2594\/revisions\/2595"}],"wp:attachment":[{"href":"https:\/\/www.azionecattolicacremona.it\/portale\/wp-json\/wp\/v2\/media?parent=2594"}],"wp:term":[{"taxonomy":"category","embeddable":true,"href":"https:\/\/www.azionecattolicacremona.it\/portale\/wp-json\/wp\/v2\/categories?post=2594"},{"taxonomy":"post_tag","embeddable":true,"href":"https:\/\/www.azionecattolicacremona.it\/portale\/wp-json\/wp\/v2\/tags?post=2594"}],"curies":[{"name":"wp","href":"https:\/\/api.w.org\/{rel}","templated":true}]}}