{"id":2662,"date":"2019-04-19T12:27:40","date_gmt":"2019-04-19T10:27:40","guid":{"rendered":"http:\/\/www.azionecattolicacremona.it\/portale\/?p=2662"},"modified":"2019-04-19T12:27:40","modified_gmt":"2019-04-19T10:27:40","slug":"pane-dael-cielo","status":"publish","type":"post","link":"https:\/\/www.azionecattolicacremona.it\/portale\/2019\/04\/pane-dael-cielo\/","title":{"rendered":"PANE dael CIELO"},"content":{"rendered":"<p>Tre anni fa nacque un\u2019idea da un creativo gruppo di giovani. Il gruppo in questione era quello dell\u2019equipe ACR cremonese e l\u2019esigenza quella di decidere come organizzare i ritiri quaresimali per i loro ragazzi. Forse nacque tutto pi\u00f9 come una sfida: \u201cSiccome la diocesi \u00e8 molto vasta e suddividere le iniziative in diverse zone per renderle il pi\u00f9 possibile accessibili \u00e8 necessario, perch\u00e9 non organizzare un unico tipo di ritiro da proporre nelle varie zone e da fare nello stesso giorno in modo da sentirci un\u2019unica comunit\u00e0?\u201d.<\/p>\n<p>Trentasei mesi fa si tent\u00f2 per la prima volta di proporre lo stesso ritiro, lo stesso giorno, nelle 5 zone del nostro territorio. Fu un successo.<\/p>\n<p>Cos\u00ec si replic\u00f2 l\u2019esperimento anche l\u2019anno dopo fino ad approdare ai giorni nostri.<\/p>\n<p>Stiamo appunto parlando di quello che \u00e8 successo domenica 31 marzo nelle varie zone della diocesi, coinvolgendo pi\u00f9 di 450 ragazzi, senza contare tutte le persone che hanno partecipato per rendere l\u2019evento realizzabile.<\/p>\n<p>I luoghi in questione sono stati: l\u2019oratorio di Fontanella per la zona 1, l\u2019oratorio Sirino di Soresina per la zona 2, l\u2019oratorio di San Sebastiano (Cremona) per le zone 3\/4 (unite per questione di numeri e vicinanza) e l\u2019oratorio di Breda Cisoni per la zona 5.<\/p>\n<p><em>Qual \u00e8 stato il tema proposto quest\u2019anno? <\/em><\/p>\n<p>Perfettamente spiegato dal titolo \u201cPane d\u00e6l cielo\u201d, tutto il ritiro doveva ruotare attorno all\u2019immagine del pane, portando avanti un costante confronto tra la manna data agli ebrei da Dio durante gli anni nel deserto, per l\u2019appunto \u201cpane dal cielo\u201d, e il pane spezzato da Ges\u00f9 durante l\u2019ultima cena, \u201cpane del cielo\u201d, arrivando a vedere quindi il pane come Corpo di Cristo, dono di Dio per noi. L\u2019obiettivo poi, in perfetto stile Azione Cattolica, era quello di riuscire a trasportare il succo di tutte le riflessioni ad un livello pi\u00f9 personale: dove posso trovare questo \u201cpane\u201d nella mia vita, nella mia quotidianit\u00e0? La conclusione era il riferimento al sacramento dell\u2019Eucarestia a cui assistiamo ogni domenica in chiesa e che non pu\u00f2 mai diventare una semplice abitudine.<\/p>\n<p>Questa era la traccia fondamentale dell\u2019esperienza e poi, rispettando la sacrosanta libert\u00e0 di espressione e il diritto inviolabile alla creativit\u00e0, il tutto \u00e8 stato elaborato a piacere nei vari posti.<\/p>\n<p>Costante, per\u00f2, \u00e8 stato lo schema della giornata: attivit\u00e0 in mattinata, seguita dalla Santa Messa assecondando i ritmi della comunit\u00e0 ospitante, poi pranzo e pomeriggio con gioco. Il tutto si \u00e8 concluso intorno alle 16:30 in tutte le zone.<\/p>\n<p>A questo punto, per\u00f2, si pone un interrogativo: \u201c<em>Come comunicare l\u2019idea di questo essere comunit\u00e0? Come trasmettere l\u2019importanza di essere tutti insieme anche se separati da qualche chilometro?<\/em>\u201d<\/p>\n<p>Lo stratagemma trovato quest\u2019anno \u00e8 stato quello di un video girato singolarmente nei vari oratori (e successivamente montato uno dopo l\u2019altro da un deus ex-machina) poi mostrato come conclusione del ritiro. Il montaggio mostra il passaggio di una pagnotta di pane per le mani di tutti i ragazzi partecipanti: all\u2019inizio, in zona 1, \u00e8 intera e passando di mano in mano, e da zona in zona, riduce le sue dimensioni, fino ad arrivare alla parte in zona 5 in cui \u00e8 presente solo un quarto della pagnotta. Il significato sottostante \u00e8 la condivisione di questo pane e della Parola di Dio con tutte le persone con cui entriamo in contatto nella vita quotidiana e non solo nei momenti in cui \u00e8 \u201cfacile\u201d essere buoni cristiani, facendo in modo di riuscire in quella faticosa missione affidata ad ognuno di noi di non essere terreni aridi, ma di portare frutto nel mondo nel migliore dei modi.<\/p>\n<p>Noi giovani dell\u2019equipe ACR cremonese siamo soddisfatti del successo che ha avuto la giornata nelle varie parti della diocesi e speranzosi di poter rendere queste iniziative momenti condivisi tra un numero sempre maggiore di ragazzi.<\/p>\n<p>&nbsp;<\/p>\n","protected":false},"excerpt":{"rendered":"<p>Tre anni fa nacque un\u2019idea da un creativo gruppo di giovani. Il [&hellip;]<\/p>\n","protected":false},"author":2,"featured_media":0,"comment_status":"closed","ping_status":"closed","sticky":false,"template":"","format":"standard","meta":[],"categories":[6],"tags":[36,43],"_links":{"self":[{"href":"https:\/\/www.azionecattolicacremona.it\/portale\/wp-json\/wp\/v2\/posts\/2662"}],"collection":[{"href":"https:\/\/www.azionecattolicacremona.it\/portale\/wp-json\/wp\/v2\/posts"}],"about":[{"href":"https:\/\/www.azionecattolicacremona.it\/portale\/wp-json\/wp\/v2\/types\/post"}],"author":[{"embeddable":true,"href":"https:\/\/www.azionecattolicacremona.it\/portale\/wp-json\/wp\/v2\/users\/2"}],"replies":[{"embeddable":true,"href":"https:\/\/www.azionecattolicacremona.it\/portale\/wp-json\/wp\/v2\/comments?post=2662"}],"version-history":[{"count":1,"href":"https:\/\/www.azionecattolicacremona.it\/portale\/wp-json\/wp\/v2\/posts\/2662\/revisions"}],"predecessor-version":[{"id":2663,"href":"https:\/\/www.azionecattolicacremona.it\/portale\/wp-json\/wp\/v2\/posts\/2662\/revisions\/2663"}],"wp:attachment":[{"href":"https:\/\/www.azionecattolicacremona.it\/portale\/wp-json\/wp\/v2\/media?parent=2662"}],"wp:term":[{"taxonomy":"category","embeddable":true,"href":"https:\/\/www.azionecattolicacremona.it\/portale\/wp-json\/wp\/v2\/categories?post=2662"},{"taxonomy":"post_tag","embeddable":true,"href":"https:\/\/www.azionecattolicacremona.it\/portale\/wp-json\/wp\/v2\/tags?post=2662"}],"curies":[{"name":"wp","href":"https:\/\/api.w.org\/{rel}","templated":true}]}}