{"id":2884,"date":"2020-03-13T18:23:24","date_gmt":"2020-03-13T17:23:24","guid":{"rendered":"http:\/\/www.azionecattolicacremona.it\/portale\/?p=2884"},"modified":"2020-03-13T18:23:24","modified_gmt":"2020-03-13T17:23:24","slug":"comunicato-a-c-lombardia","status":"publish","type":"post","link":"https:\/\/www.azionecattolicacremona.it\/portale\/2020\/03\/comunicato-a-c-lombardia\/","title":{"rendered":"Comunicato A.C. Lombardia"},"content":{"rendered":"<p style=\"text-align: center;\"><strong>Cambiamo le nostre vite per il bene di tutti<\/strong><\/p>\n<p>\u00a0Insieme come Presidenti dell\u2019Azione Cattolica Italiana delle dieci diocesi di Lombardia desideriamo offrire un contributo di riflessione, di solidariet\u00e0, di vicinanza a tutti coloro che in questo tempo vivono in Lombardia. Una terra che evoca ricchezza, benessere, tecnologia avanzata, ma che da qualche settimana \u00e8 alla ribalta delle cronache per il COVID-19, gli isolamenti, i positivi, i malati e purtroppo i deceduti. E\u2019 di domenica la notizia di un isolamento \u201cregionale\u201d: entrare e uscire dalla Lombardia pu\u00f2 accadere ma solo per serissimi motivi. Un isolamento che ci viene chiesto per provare a spezzare il contagio. Un isolamento che si traduce in mancanza di scuola, mancanza di luoghi di socializzazione, mancanza di celebrazioni e di comunit\u00e0. Un isolamento che gi\u00e0 dopo un giorno \u00e8 stato esteso a livello nazionale e che potr\u00e0 conoscere ancora altre misure.<\/p>\n<p>Scopriamo nei divieti\u00a0 di essere profondamente interconnessi, il virus si \u00e8 propagato per\u00a0 moltissimi legami\u00a0 anche non voluti che ci uniscono: mezzi pubblici, classi, squadre, equipe di lavoro, il condividere al bar il gioco delle carte\u2026<\/p>\n<p>I tanti NO che\u00a0 i decreti ci impongono sottendono il\u00a0 <strong>SI\u2019 AL BENE<\/strong> comune, addirittura alla <strong>SALUTE COMUNE<\/strong> come valore da custodire\u00a0 anche con sacrificio. Tutti possiamo concorrere con comportamenti responsabili non facendo, non uscendo. Mentre la pi\u00f9 parte si deve astenere dal fare, una piccola ma importantissima minoranza \u00e8 impegnata ad agire in modo frenetico per curare,\u00a0 soccorrere, studiare soluzioni.<\/p>\n<p><strong>Non vanifichiamo il loro sacrificio con le nostre\u00a0 irreversibili abitudini.<\/strong><\/p>\n<p><strong>\u00a0<\/strong>Da fedeli laici accogliamo l\u2019invito dei nostri vescovi a vivere questa Quaresima di digiuno e di non partecipazione riscoprendo il valore della comunione spirituale, della preghiera di intercessione, della solidariet\u00e0. Siamo chiamati a vivere la nostra fede quotidiana dando un valore speciale alla comunione: la preghiera delle lodi e dei vespri ci pone in comunione con tutta la Chiesa che prega e intercede, la lettura personale della Parola ci unisce a vicenda. Cerchiamo la voce autorevole dei nostri vescovi in Internet e nei mezzi di comunicazione sociale: questo \u00e8 di sprone per noi e ci permette di condividere una parola di speranza con chi pu\u00f2 averne bisogno. Impariamo nella prova vie di coltivazione della vita spirituale in giornate molto secolarizzate, potremo farne tesoro anche in tempo di pace.<\/p>\n<p>Accettiamo con responsabilit\u00e0 di <strong>convertirci a stili di vita diversi per il bene di tutti<\/strong>. Quanto non abbiamo ancora accettato di fare nei riguardi del modo di consumare e modificare l\u2019ambiente ora ci si impone dal lato dell\u2019emergenza virale.<\/p>\n<p>Dobbiamo dire NO a comportamenti errati perch\u00e9 la solidariet\u00e0 possa trovare vie per diventare un SI: questo deve avvenire in ciascuno e in tutti, perch\u00e9 si possa \u201cuscire insieme \u201cda questo male, via di una <strong>rinnovata azione politica<\/strong> per l\u2019emergenza e per il tempo successivo.<\/p>\n<p>In questa sospensione dal fare, dal partecipare, dall\u2019agire immediato\u00a0 possiamo <strong>scoprire altre vie di intervento<\/strong> pi\u00f9 sottili, pi\u00f9 spirituali, non meno reali, non meno solidali.<\/p>\n<ul>\n<li>Ci impegniamo a tenere alta la <strong>preghiera nel quotidiano<\/strong> a livello personale e nelle nostre case intercedendo per tutti, perch\u00e9 ci sia presto un ritorno alla salute, perch\u00e9 medici e infermieri riescano a reggere questa crisi, perch\u00e9 chi ha responsabilit\u00e0 politiche provveda con il necessario, perch\u00e9 chi ha pi\u00f9 risorse le renda disponibili a chi si sta drammaticamente impoverendo.<\/li>\n<li>Una particolare attenzione desideriamo esprimere per i <strong>sacerdoti<\/strong> delle nostre parrocchie, per i nostri vescovi: celebrano da soli, non possono incontrare la comunit\u00e0, anche loro si ammalano. Anche nei loro confronti esprimiamo una vicinanza affettuosa, grata. Desideriamo far loro sapere che il loro celebrare ci fa bene, ci consola, ci incoraggia. Ci siamo: lontani e invisibili ma non assenti.<\/li>\n<li>Sensibilizzati alla rilevanza del NOI collettivo non vogliamo neppure che sia un NOI tutto lombardo o italiano: \u00e8 un <strong>NOI globale<\/strong> come lo \u00e8 l\u2019epidemia, ormai una pandemia. Questo NOI non \u00e8 fatto solo di COVID- 19. Questo male rischia di oscurare i mali di altri, la necessaria solidariet\u00e0 verso altre sofferenze: quelle del popolo siriano, quelle dei popoli del Corno d\u2019Africa alle prese con le cavallette, quella dei profughi di tante guerre, quelle dei poveri di sempre\u2026.<\/li>\n<\/ul>\n<p>Agire per il bene di tutti non conosce egoismi: il bene vero \u00e8 sempre riflessivo. Facciamo il bene e questo ci fa bene. Vivere un\u2019appartenenza sostanziale alla grande famiglia umana, in spirito di fratellanza \u00e8 la via che fa bene alla vita di ciascuno, non \u00e8 retorica religiosa.<\/p>\n<ul>\n<li>Se avvertiamo la rilevanza reale delle relazioni lunghe che ci legano alla famiglia umana, in questo tempo avvertiamo anche la possibilit\u00e0 di <strong>riscoprire i rapporti brevi<\/strong>, familiari, condominiali, da vivere con rinnovata attenzione. L\u2019anziano solo vicino di casa,\u00a0 genitori in difficolt\u00e0 a curare i figli a casa da scuola accanto a persone in pensione che possono dare una mano, persone in isolamento a cui non far mancare la spesa fuori porta, l\u2019apprendimento <em>peer to peer<\/em> nella didattica on line dove il ragazzo insegna all\u2019adulto programmi innovativi perch\u00e9 l\u2019adulto gli insegni una disciplina\u2026<\/li>\n<\/ul>\n<p>Come Associazioni\u00a0 e singoli di Azione Cattolica ci siamo , condividiamo, mettiamo a disposizione i nostri siti, i nostri canali, i nostri legami per comunicare, per coltivare relazioni, per inventarci nuovi stili di vita pi\u00f9 fraterni e pi\u00f9 solidali con tutte le persone, nella quotidianit\u00e0 e con tutta la nostra Chiesa.<\/p>\n<p>Ci sentiamo uniti a tutti con una particolare comunione tra le Chiese di lombardia grazie anche alle parole che il metropolita Arc. Mario Delpini e i vescovi di tutte le Diocesi ci stanno indirizzando con video, lettere, sms\u2026 Insieme possiamo attraversare questo tempo.<\/p>\n<p><strong>I Presidenti\u00a0 delle Associazioni delle Diocesi lombarde<\/strong><\/p>\n<p>Paola Massi &#8211; Bergamo<\/p>\n<p>Giuliana Sberna &#8211; Brescia<\/p>\n<p>Paolo Bustaffa &#8211; Como<\/p>\n<p>Antonio Crotti &#8211; Crema<\/p>\n<p>Silvia Corbari &#8211; Cremona<\/p>\n<p>Raffaella Rozzi &#8211; Lodi<\/p>\n<p>Robertino Mantovani &#8211; Mantova<\/p>\n<p>Silvia Landra &#8211; Milano<\/p>\n<p>Carla Conti &#8211; Pavia<\/p>\n<p>Paolo Volpato &#8211; Vigevano<\/p>\n<p>Valentina Soncini &#8211; delegata della Regione Lombardia con la delegazione regionale<\/p>\n","protected":false},"excerpt":{"rendered":"<p>Cambiamo le nostre vite per il bene di tutti \u00a0Insieme come Presidenti [&hellip;]<\/p>\n","protected":false},"author":2,"featured_media":0,"comment_status":"closed","ping_status":"closed","sticky":false,"template":"","format":"standard","meta":[],"categories":[1],"tags":[203,78],"_links":{"self":[{"href":"https:\/\/www.azionecattolicacremona.it\/portale\/wp-json\/wp\/v2\/posts\/2884"}],"collection":[{"href":"https:\/\/www.azionecattolicacremona.it\/portale\/wp-json\/wp\/v2\/posts"}],"about":[{"href":"https:\/\/www.azionecattolicacremona.it\/portale\/wp-json\/wp\/v2\/types\/post"}],"author":[{"embeddable":true,"href":"https:\/\/www.azionecattolicacremona.it\/portale\/wp-json\/wp\/v2\/users\/2"}],"replies":[{"embeddable":true,"href":"https:\/\/www.azionecattolicacremona.it\/portale\/wp-json\/wp\/v2\/comments?post=2884"}],"version-history":[{"count":2,"href":"https:\/\/www.azionecattolicacremona.it\/portale\/wp-json\/wp\/v2\/posts\/2884\/revisions"}],"predecessor-version":[{"id":2886,"href":"https:\/\/www.azionecattolicacremona.it\/portale\/wp-json\/wp\/v2\/posts\/2884\/revisions\/2886"}],"wp:attachment":[{"href":"https:\/\/www.azionecattolicacremona.it\/portale\/wp-json\/wp\/v2\/media?parent=2884"}],"wp:term":[{"taxonomy":"category","embeddable":true,"href":"https:\/\/www.azionecattolicacremona.it\/portale\/wp-json\/wp\/v2\/categories?post=2884"},{"taxonomy":"post_tag","embeddable":true,"href":"https:\/\/www.azionecattolicacremona.it\/portale\/wp-json\/wp\/v2\/tags?post=2884"}],"curies":[{"name":"wp","href":"https:\/\/api.w.org\/{rel}","templated":true}]}}