{"id":2931,"date":"2020-06-24T22:22:01","date_gmt":"2020-06-24T20:22:01","guid":{"rendered":"http:\/\/www.azionecattolicacremona.it\/portale\/?p=2931"},"modified":"2020-06-24T22:22:01","modified_gmt":"2020-06-24T20:22:01","slug":"assemblea-diocesana-elettiva-3","status":"publish","type":"post","link":"https:\/\/www.azionecattolicacremona.it\/portale\/2020\/06\/assemblea-diocesana-elettiva-3\/","title":{"rendered":"ASSEMBLEA DIOCESANA ELETTIVA"},"content":{"rendered":"<p>E&#8217; possibile scaricare il materiale utile per lo svolgimento dell&#8217;Assemblea diocesana elettiva che si terr\u00e0<\/p>\n<p style=\"text-align: center;\"><span style=\"color: #ff0000;\">DOMENICA 28\/06\/2020 alle ore 16,00<\/span><\/p>\n<p style=\"text-align: center;\">presso il<span style=\"color: #0000ff;\"> SEMINARIO di CREMONA in Via Milano 5<\/span><\/p>\n<p style=\"text-align: left;\"><a href=\"http:\/\/www.azionecattolicacremona.it\/portale\/wp-content\/uploads\/2020\/06\/indicazioni-partecipazione-Assemblea_Diocesana.pdf\">indicazioni partecipazione Assemblea_Diocesana<\/a><\/p>\n<p style=\"text-align: left;\"><a href=\"http:\/\/www.azionecattolicacremona.it\/portale\/wp-content\/uploads\/2020\/06\/CREMONA-Documento-Assembleare-2019-2020.pdf\">CREMONA Documento Assembleare 2019-2020<\/a><\/p>\n<p style=\"text-align: left;\"><a href=\"http:\/\/www.azionecattolicacremona.it\/portale\/wp-content\/uploads\/2020\/06\/Delega_AssembleaElettiva_28giu201.pdf\">Delega_AssembleaElettiva_28giu20<\/a><\/p>\n<p style=\"text-align: left;\">Ricordiamo che, oltre ai Presidenti, hanno diritto di voto i delegati eletti nelle assemblee parrocchiali\/interparrocchiali, i Consiglieri Diocesani uscenti e i responsabili Zonali.<\/p>\n<p style=\"text-align: left;\">Qualora il delegato designato sia impossibilitato a partecipare all\u2019assemblea, pu\u00f2 delegare un socio della stessa Associazione, con delega controfirmata dal Presidente Parrocchiale purch\u00e9 non sia gi\u00e0 stato delegato a sua volta.<\/p>\n<p>&nbsp;<\/p>\n","protected":false},"excerpt":{"rendered":"<p>E&#8217; possibile scaricare il materiale utile per lo svolgimento dell&#8217;Assemblea diocesana elettiva [&hellip;]<\/p>\n","protected":false},"author":2,"featured_media":0,"comment_status":"closed","ping_status":"closed","sticky":false,"template":"","format":"standard","meta":[],"categories":[1],"tags":[99,173,208],"_links":{"self":[{"href":"https:\/\/www.azionecattolicacremona.it\/portale\/wp-json\/wp\/v2\/posts\/2931"}],"collection":[{"href":"https:\/\/www.azionecattolicacremona.it\/portale\/wp-json\/wp\/v2\/posts"}],"about":[{"href":"https:\/\/www.azionecattolicacremona.it\/portale\/wp-json\/wp\/v2\/types\/post"}],"author":[{"embeddable":true,"href":"https:\/\/www.azionecattolicacremona.it\/portale\/wp-json\/wp\/v2\/users\/2"}],"replies":[{"embeddable":true,"href":"https:\/\/www.azionecattolicacremona.it\/portale\/wp-json\/wp\/v2\/comments?post=2931"}],"version-history":[{"count":2,"href":"https:\/\/www.azionecattolicacremona.it\/portale\/wp-json\/wp\/v2\/posts\/2931\/revisions"}],"predecessor-version":[{"id":2936,"href":"https:\/\/www.azionecattolicacremona.it\/portale\/wp-json\/wp\/v2\/posts\/2931\/revisions\/2936"}],"wp:attachment":[{"href":"https:\/\/www.azionecattolicacremona.it\/portale\/wp-json\/wp\/v2\/media?parent=2931"}],"wp:term":[{"taxonomy":"category","embeddable":true,"href":"https:\/\/www.azionecattolicacremona.it\/portale\/wp-json\/wp\/v2\/categories?post=2931"},{"taxonomy":"post_tag","embeddable":true,"href":"https:\/\/www.azionecattolicacremona.it\/portale\/wp-json\/wp\/v2\/tags?post=2931"}],"curies":[{"name":"wp","href":"https:\/\/api.w.org\/{rel}","templated":true}]}}