{"id":3020,"date":"2020-11-19T22:18:14","date_gmt":"2020-11-19T21:18:14","guid":{"rendered":"http:\/\/www.azionecattolicacremona.it\/portale\/?p=3020"},"modified":"2020-11-19T22:24:19","modified_gmt":"2020-11-19T21:24:19","slug":"avvento-e-natale-2020","status":"publish","type":"post","link":"https:\/\/www.azionecattolicacremona.it\/portale\/2020\/11\/avvento-e-natale-2020\/","title":{"rendered":"Avvento e Natale 2020"},"content":{"rendered":"<p style=\"text-align: center;\"><strong>IL TEMPO CHE CI \u00c8 DATO<\/strong><\/p>\n<p>Cari amici e associati,<\/p>\n<p>viviamo un tempo complicato, il nostro essere associazione si scontra nuovamente con il distanziamento necessario per il bene e la salute di tutti.<\/p>\n<p>Molti hanno avviato, con fantasia, gruppi e incontri on line, altri non hanno ancora ripreso i cammini formativi. Sebbene sappiamo che niente potr\u00e0 mai sostituirsi al calore di uno sguardo o alla presenza fisica dell\u2019altro \u00e8 opportuno in questo periodo continuare o riprendere la possibilit\u00e0 di incontrarci, pregare insieme ed essere attenti alle necessit\u00e0 di chi ci \u00e8 prossimo con gli strumenti che possiamo utilizzare.<\/p>\n<p>Sono scaricabili qui le proposte che come presidenza diocesana abbiamo pensato per le prossime settimane sia in forma grafica (che vi invitiamo a condividere anche sui social o sui gruppi whatsapp in modo che possa arrivare a\u00a0 tutti gli associati) che in forma di testo (pi\u00f9 esplicativo\u00a0<em>\u00a0 <a href=\"http:\/\/www.azionecattolicacremona.it\/portale\/wp-content\/uploads\/2020\/11\/Il-tempo-che-ci-e\u0300-dato-Avvento-Natale-2020-3.pdf\">Il tempo che ci e\u0300 dato-Avvento Natale 2020-3<\/a>)<\/em><\/p>\n<p>La Presidenza Diocesana<\/p>\n<p><a href=\"http:\/\/www.azionecattolicacremona.it\/portale\/wp-content\/uploads\/2020\/11\/Il-tempo-che-ci-e\u0300-dato-Avvento-Natale-2020-3.jpg\"><img loading=\"lazy\" class=\" size-medium wp-image-3022 aligncenter\" src=\"http:\/\/www.azionecattolicacremona.it\/portale\/wp-content\/uploads\/2020\/11\/Il-tempo-che-ci-e\u0300-dato-Avvento-Natale-2020-3-160x400.jpg\" alt=\"Il tempo che ci e\u0300 dato-Avvento Natale 2020-3\" width=\"160\" height=\"400\" srcset=\"https:\/\/www.azionecattolicacremona.it\/portale\/wp-content\/uploads\/2020\/11\/Il-tempo-che-ci-e\u0300-dato-Avvento-Natale-2020-3-160x400.jpg 160w, https:\/\/www.azionecattolicacremona.it\/portale\/wp-content\/uploads\/2020\/11\/Il-tempo-che-ci-e\u0300-dato-Avvento-Natale-2020-3.jpg 240w\" sizes=\"(max-width: 160px) 100vw, 160px\" \/><\/a>Apri la lettera completa <em><a href=\"http:\/\/www.azionecattolicacremona.it\/portale\/wp-content\/uploads\/2020\/11\/AC_Cremona_Avvento-NAtale-2020.pdf\">AC_Cremona_Avvento NAtale 2020<\/a><\/em><\/p>\n","protected":false},"excerpt":{"rendered":"<p>IL TEMPO CHE CI \u00c8 DATO Cari amici e associati, viviamo un [&hellip;]<\/p>\n","protected":false},"author":2,"featured_media":0,"comment_status":"closed","ping_status":"closed","sticky":false,"template":"","format":"standard","meta":[],"categories":[1],"tags":[118,134],"_links":{"self":[{"href":"https:\/\/www.azionecattolicacremona.it\/portale\/wp-json\/wp\/v2\/posts\/3020"}],"collection":[{"href":"https:\/\/www.azionecattolicacremona.it\/portale\/wp-json\/wp\/v2\/posts"}],"about":[{"href":"https:\/\/www.azionecattolicacremona.it\/portale\/wp-json\/wp\/v2\/types\/post"}],"author":[{"embeddable":true,"href":"https:\/\/www.azionecattolicacremona.it\/portale\/wp-json\/wp\/v2\/users\/2"}],"replies":[{"embeddable":true,"href":"https:\/\/www.azionecattolicacremona.it\/portale\/wp-json\/wp\/v2\/comments?post=3020"}],"version-history":[{"count":5,"href":"https:\/\/www.azionecattolicacremona.it\/portale\/wp-json\/wp\/v2\/posts\/3020\/revisions"}],"predecessor-version":[{"id":3028,"href":"https:\/\/www.azionecattolicacremona.it\/portale\/wp-json\/wp\/v2\/posts\/3020\/revisions\/3028"}],"wp:attachment":[{"href":"https:\/\/www.azionecattolicacremona.it\/portale\/wp-json\/wp\/v2\/media?parent=3020"}],"wp:term":[{"taxonomy":"category","embeddable":true,"href":"https:\/\/www.azionecattolicacremona.it\/portale\/wp-json\/wp\/v2\/categories?post=3020"},{"taxonomy":"post_tag","embeddable":true,"href":"https:\/\/www.azionecattolicacremona.it\/portale\/wp-json\/wp\/v2\/tags?post=3020"}],"curies":[{"name":"wp","href":"https:\/\/api.w.org\/{rel}","templated":true}]}}