{"id":3122,"date":"2021-03-15T19:44:02","date_gmt":"2021-03-15T18:44:02","guid":{"rendered":"http:\/\/www.azionecattolicacremona.it\/portale\/?p=3122"},"modified":"2021-03-15T19:46:31","modified_gmt":"2021-03-15T18:46:31","slug":"appello-a-c-lombardia-2","status":"publish","type":"post","link":"https:\/\/www.azionecattolicacremona.it\/portale\/2021\/03\/appello-a-c-lombardia-2\/","title":{"rendered":"Appello A.C. Lombardia"},"content":{"rendered":"<p style=\"text-align: center;\"><strong>AZIONE CATTOLICA ITALIANA &#8211; Regione Lombardia<\/strong><\/p>\n<p style=\"text-align: center;\"><strong>\u00a0Appello per una fraternit\u00e0 concreta: <\/strong><\/p>\n<p style=\"text-align: center;\"><strong>vaccino per tutti, riaprire le scuole, solidariet\u00e0 a famiglie e imprese<\/strong><\/p>\n<p>\u00a0Costruire una trama di fraternit\u00e0 entro la quale prendersi cura l\u2019uno dell\u2019altro: \u00e8 questo l\u2019obiettivo che ci guida nel tempo difficile della pandemia, e ci chiama, ancora una volta, al servizio della realt\u00e0 sociale ed ecclesiale lombarda.<\/p>\n<p>Noi, soci e responsabili dell\u2019Azione cattolica delle 10 Diocesi della Lombardia, confermiamo, anche alla luce dell\u2019Assemblea regionale dello scorso 13 marzo, il nostro impegno nel segno della corresponsabilit\u00e0, accanto ai nostri Pastori, nella vita della Chiesa e delle nostre citt\u00e0.<\/p>\n<p>Stiamo tutti attraversando un tempo di sofferenze e di fatiche a causa della pandemia che da un anno si \u00e8 diffusa nel mondo, colpendo con particolare ferocia le nostre terre sul versante sanitario, economico e sociale. Siamo convinti, sostenuti dalla speranza cristiana, che sia necessario agire uniti e con spirito solidale, come pi\u00f9 volte ricordato da Papa Francesco e dai nostri Vescovi.<\/p>\n<p>In questo senso, riteniamo improrogabile una svolta decisa a partire dalle seguenti urgenze da porre all\u2019attenzione della comunit\u00e0 civile e di ciascun cittadino:<\/p>\n<p>&#8211; <strong>vaccino per tutti<\/strong>, anche oltre i confini nazionali, a partire dalle persone pi\u00f9 fragili, garantito in Italia da un sistema sanitario (al cui personale vanno gi\u00e0 apprezzamento e gratitudine) che si svolga nel territorio e che veda il protagonismo della comunit\u00e0 nel concorrere al suo benessere;<\/p>\n<p>&#8211; <strong>impegno su tutti i fronti per garantire la riapertura delle scuole<\/strong>, perch\u00e9 bambini, ragazzi e giovani hanno bisogno di vivere e studiare insieme, e di stringere forti e significative relazioni educative;<\/p>\n<p>&#8211; <strong>ulteriori sostegni pubblici a famiglie e imprese<\/strong>, cos\u00ec da affrontare la pesante crisi economica indirettamente generata dalla pandemia;<\/p>\n<p>&#8211; <strong>tendere la mano a chi \u00e8 nel bisogno<\/strong>, come espressione spontanea di ogni cristiano e di ogni persona di buona volont\u00e0 e segno che la responsabilit\u00e0 individuale nel fare passi costruttivi non \u00e8 sostituibile<\/p>\n<p>Perch\u00e9 la solidariet\u00e0 umana e la carit\u00e0 che nascono dal Vangelo possano generare aiuti concreti e inconfondibili semi di speranza per il futuro, ci sentiamo incoraggiati a operare nel presente e a rivolgere con fiducia lo sguardo in avanti sostenuti dalle parole di Papa Francesco, pronunciate un anno fa nel pieno del primo lockdown: \u00ab<em>Ci siamo resi conto di trovarci sulla stessa barca, tutti fragili e disorientati, ma nello stesso tempo importanti e necessari, tutti chiamati a remare insieme<\/em>\u00bb.<\/p>\n<p>Remare, sperare, agire e costruire insieme un domani migliore per tutti.<\/p>\n<p>La Delegata Regionale Silvia Landra<\/p>\n<p>I presidenti delle associazioni di AC delle diocesi di Lombardia:<\/p>\n<p>Anacleto Grasselli Presidente AC Bergamo<\/p>\n<p>Sirio Frugono Presidente AC Brescia<\/p>\n<p>Franco Ronconi Presidente AC Como<\/p>\n<p>Antonio Crotti Presidente AC Crema<\/p>\n<p>Emanuele Bellani Presidente AC Cremona<\/p>\n<p>Raffaella Rozzi Presidente AC Lodi<\/p>\n<p>Robertino Mantovani Presidente AC Mantova<\/p>\n<p>Gianni Borsa Presidente AC Milano<\/p>\n<p>Carla Conti Presidente AC Pavia<\/p>\n<p>Paolo Volpato Presidente AC Vigevano<\/p>\n<p>&nbsp;<\/p>\n<p>Milano, 15 Marzo 2021<\/p>\n","protected":false},"excerpt":{"rendered":"<p>AZIONE CATTOLICA ITALIANA &#8211; Regione Lombardia \u00a0Appello per una fraternit\u00e0 concreta: vaccino [&hellip;]<\/p>\n","protected":false},"author":2,"featured_media":0,"comment_status":"closed","ping_status":"closed","sticky":false,"template":"","format":"standard","meta":[],"categories":[1],"tags":[],"_links":{"self":[{"href":"https:\/\/www.azionecattolicacremona.it\/portale\/wp-json\/wp\/v2\/posts\/3122"}],"collection":[{"href":"https:\/\/www.azionecattolicacremona.it\/portale\/wp-json\/wp\/v2\/posts"}],"about":[{"href":"https:\/\/www.azionecattolicacremona.it\/portale\/wp-json\/wp\/v2\/types\/post"}],"author":[{"embeddable":true,"href":"https:\/\/www.azionecattolicacremona.it\/portale\/wp-json\/wp\/v2\/users\/2"}],"replies":[{"embeddable":true,"href":"https:\/\/www.azionecattolicacremona.it\/portale\/wp-json\/wp\/v2\/comments?post=3122"}],"version-history":[{"count":4,"href":"https:\/\/www.azionecattolicacremona.it\/portale\/wp-json\/wp\/v2\/posts\/3122\/revisions"}],"predecessor-version":[{"id":3126,"href":"https:\/\/www.azionecattolicacremona.it\/portale\/wp-json\/wp\/v2\/posts\/3122\/revisions\/3126"}],"wp:attachment":[{"href":"https:\/\/www.azionecattolicacremona.it\/portale\/wp-json\/wp\/v2\/media?parent=3122"}],"wp:term":[{"taxonomy":"category","embeddable":true,"href":"https:\/\/www.azionecattolicacremona.it\/portale\/wp-json\/wp\/v2\/categories?post=3122"},{"taxonomy":"post_tag","embeddable":true,"href":"https:\/\/www.azionecattolicacremona.it\/portale\/wp-json\/wp\/v2\/tags?post=3122"}],"curies":[{"name":"wp","href":"https:\/\/api.w.org\/{rel}","templated":true}]}}