{"id":3271,"date":"2021-12-07T21:38:46","date_gmt":"2021-12-07T20:38:46","guid":{"rendered":"https:\/\/www.azionecattolicacremona.it\/portale\/?p=3271"},"modified":"2021-12-07T21:38:47","modified_gmt":"2021-12-07T20:38:47","slug":"festa-delladesione-2021","status":"publish","type":"post","link":"https:\/\/www.azionecattolicacremona.it\/portale\/2021\/12\/festa-delladesione-2021\/","title":{"rendered":"Festa dell&#8217;Adesione 2021"},"content":{"rendered":"\n<p>Cari presidenti, responsabili e associati tutti,&nbsp; vi raggiungiamo con questo messaggio nell&#8217;avvicinarsi della giornata dell&#8217;adesione dell&#8217;8 dicembre!<br>La promozione dell&#8217;Associazione non \u00e8 questione di numeri ma di cura delle relazioni e di chi gi\u00e0 vive l&#8217;esperienza dell&#8217;Azione Cattolica.&nbsp; Siamo pertanto impegnati a curare i legami presenti e a promuovere l&#8217;adesione all&#8217;AC perch\u00e8 tutti hanno il diritto di conoscere l&#8217;AC e il suo &#8220;bel modo&#8221; di essere laici nella Chiesa e nel mondo!<br><strong><u>Ecco alcuni spunti per vivere al meglio la giornata dell&#8217;Adesione:<\/u><\/strong><\/p>\n\n\n\n<h1>1 \u201cRifiorire\u201d. 8 dicembre, Festa dell\u2019Adesione. Iniziativa&nbsp;promossa dall&#8217;AC Nazionale<\/h1>\n\n\n\n<p>&#8220;&#8230;ciascuno di noi pu\u00f2 essere il&nbsp;<em>buon giardiniere che fa Rifiorire la vita associativa<\/em>. Invitiamo dunque voi e le vostre associazioni parrocchiali a&nbsp;prendere l\u2019impegno di piantare un albero&nbsp;come segno di responsabilit\u00e0 e cura locale e globale.Vorremmo infatti che il nostro \u201cs\u00ec\u201d all\u2019associazione diventasse l\u2019occasione per&nbsp;comprendere nella cura della nostra casa domestica la cura per la casa comune.&#8221;&nbsp;<a href=\"https:\/\/azionecattolica.it\/rifiorire-8-dicembre-festa-delladesione\/\">https:\/\/azionecattolica.it\/rifiorire-8-dicembre-festa-delladesione\/<\/a><\/p>\n\n\n\n<h1>2 Dialogo, strumento associativo<\/h1>\n\n\n\n<p>In questi giorni faremo pervenire ai diversi presidenti alcune <strong>copie omaggio della rivista diocesana dell&#8217;AC &#8220;Dialogo&#8221;<\/strong>&nbsp;da distribuire a chi riteniamo interessato nella giornata dell&#8217;8 dicembre e anche nelle domeniche a seguire. Un piccolo strumento che riporta la passione per la Chiesa e per l&#8217;AC.<br><\/p>\n\n\n\n<h1>3 Parole d&#8217;Avvento<\/h1>\n\n\n\n<p class=\"has-text-align-left\">Prosegue l&#8217;iniziativa della redazione di Dialogo e dell&#8217;AC Diocesana di offrire degli spunti di riflessione quotidiani sulla Parola del giorno. Nella giornata dell&#8217;8 dicembre ci sar\u00e0 una <strong>puntata speciale a cura di Paola Bignardi<\/strong>. Ecco il link dove potete trovare tutte le puntate quotidiane. Buon ascolto!<\/p>\n\n\n\n<p class=\"has-text-align-left\">&nbsp;<a href=\"https:\/\/www.youtube.com\/channel\/UCMNqkDg8ba0KZ57JisNrUfA\">https:\/\/www.youtube.com\/channel\/UCMNqkDg8ba0KZ57JisNrUfA<\/a><\/p>\n\n\n\n<h1>4 Padlet per l&#8217;Avvento e ritiri zonali<\/h1>\n\n\n\n<p>Il 5 dicembre i bambini e ragazzi dell&#8217;ACR hanno vissuto nelle zone un momento di spiritualit\u00e0 per l&#8217;Avvento, in alcune zone pastorali si \u00e8 realizzato o realizzer\u00e0 un ritiro per giovani e adulti. Per tutti \u00e8 a disposizione uno strumento digitale con una meditazione di Don Giampaolo, nostro assistente adulti e unitario, e alcuni spunti di preghiera personale e di gruppo. Ecco il link per accedervi:&nbsp;<a href=\"https:\/\/padlet.com\/AC_Cremona\/yzg2i0zsozhp479v\">https:\/\/padlet.com\/AC_Cremona\/yzg2i0zsozhp479v<\/a><br>Avete visto sopra tanti link, ma il vero collegamento \u00e8 quello che viviamo di persona, pur nelle attenzioni richieste in questo periodo storico. Abbiamo presente che non tutti hanno accesso a questi strumenti per cui invitiamo chi pu\u00f2 ad aiutare anche chi non \u00e8 &#8220;pratico&#8221; di questi strumenti ad accedervi o a mediare eventuali contenuti difficilmente fruibili!<br>Da ultimo trovate il link a tutto il materiale utile per la giornata dell&#8217;Adesione:&nbsp;<a href=\"https:\/\/azionecattolica.it\/a-tutto-campo\/\">https:\/\/azionecattolica.it\/a-tutto-campo\/<\/a><br>&#8220;Siamo giardinieri e non padroni di un popolo numeroso&#8221;! Buona festa dell&#8217;Adesione giardinieri!<br><\/p>\n\n\n\n<figure class=\"wp-block-gallery columns-0 is-cropped\"><ul class=\"blocks-gallery-grid\"><\/ul><\/figure>\n\n\n\n<p><strong>La presidenza Diocesana<\/strong><br><\/p>\n","protected":false},"excerpt":{"rendered":"<p>Cari presidenti, responsabili e associati tutti,&nbsp; vi raggiungiamo con questo messaggio nell&#8217;avvicinarsi [&hellip;]<\/p>\n","protected":false},"author":2,"featured_media":0,"comment_status":"closed","ping_status":"closed","sticky":false,"template":"","format":"standard","meta":[],"categories":[1],"tags":[76],"_links":{"self":[{"href":"https:\/\/www.azionecattolicacremona.it\/portale\/wp-json\/wp\/v2\/posts\/3271"}],"collection":[{"href":"https:\/\/www.azionecattolicacremona.it\/portale\/wp-json\/wp\/v2\/posts"}],"about":[{"href":"https:\/\/www.azionecattolicacremona.it\/portale\/wp-json\/wp\/v2\/types\/post"}],"author":[{"embeddable":true,"href":"https:\/\/www.azionecattolicacremona.it\/portale\/wp-json\/wp\/v2\/users\/2"}],"replies":[{"embeddable":true,"href":"https:\/\/www.azionecattolicacremona.it\/portale\/wp-json\/wp\/v2\/comments?post=3271"}],"version-history":[{"count":2,"href":"https:\/\/www.azionecattolicacremona.it\/portale\/wp-json\/wp\/v2\/posts\/3271\/revisions"}],"predecessor-version":[{"id":3279,"href":"https:\/\/www.azionecattolicacremona.it\/portale\/wp-json\/wp\/v2\/posts\/3271\/revisions\/3279"}],"wp:attachment":[{"href":"https:\/\/www.azionecattolicacremona.it\/portale\/wp-json\/wp\/v2\/media?parent=3271"}],"wp:term":[{"taxonomy":"category","embeddable":true,"href":"https:\/\/www.azionecattolicacremona.it\/portale\/wp-json\/wp\/v2\/categories?post=3271"},{"taxonomy":"post_tag","embeddable":true,"href":"https:\/\/www.azionecattolicacremona.it\/portale\/wp-json\/wp\/v2\/tags?post=3271"}],"curies":[{"name":"wp","href":"https:\/\/api.w.org\/{rel}","templated":true}]}}