{"id":3738,"date":"2023-04-07T16:50:39","date_gmt":"2023-04-07T14:50:39","guid":{"rendered":"https:\/\/www.azionecattolicacremona.it\/portale\/?p=3738"},"modified":"2023-04-07T16:50:48","modified_gmt":"2023-04-07T14:50:48","slug":"s-pasqua","status":"publish","type":"post","link":"https:\/\/www.azionecattolicacremona.it\/portale\/2023\/04\/s-pasqua\/","title":{"rendered":"S. Pasqua"},"content":{"rendered":"<p><img loading=\"lazy\" class=\"size-medium wp-image-3740 aligncenter\" src=\"https:\/\/www.azionecattolicacremona.it\/portale\/wp-content\/uploads\/2023\/04\/XV-Resurrezione-Via-Lucis-ZAMBRANO-Raffaella-e1585927957683-1-489x400.jpg\" alt=\"\" width=\"489\" height=\"400\" srcset=\"https:\/\/www.azionecattolicacremona.it\/portale\/wp-content\/uploads\/2023\/04\/XV-Resurrezione-Via-Lucis-ZAMBRANO-Raffaella-e1585927957683-1-489x400.jpg 489w, https:\/\/www.azionecattolicacremona.it\/portale\/wp-content\/uploads\/2023\/04\/XV-Resurrezione-Via-Lucis-ZAMBRANO-Raffaella-e1585927957683-1-230x188.jpg 230w, https:\/\/www.azionecattolicacremona.it\/portale\/wp-content\/uploads\/2023\/04\/XV-Resurrezione-Via-Lucis-ZAMBRANO-Raffaella-e1585927957683-1-350x286.jpg 350w, https:\/\/www.azionecattolicacremona.it\/portale\/wp-content\/uploads\/2023\/04\/XV-Resurrezione-Via-Lucis-ZAMBRANO-Raffaella-e1585927957683-1-480x393.jpg 480w, https:\/\/www.azionecattolicacremona.it\/portale\/wp-content\/uploads\/2023\/04\/XV-Resurrezione-Via-Lucis-ZAMBRANO-Raffaella-e1585927957683-1.jpg 733w\" sizes=\"(max-width: 489px) 100vw, 489px\" \/><\/p>\n<div dir=\"auto\"><span style=\"font-family: Century Gothic,sans-serif; font-size: xx-small;\">\u00abSi alz\u00f2 da tavola\u2026\u00bb (Giovanni 13,4)<\/span><\/div>\n<div dir=\"auto\"><span style=\"font-family: Century Gothic,sans-serif; font-size: small;\">\u00a0<\/span><\/div>\n<div dir=\"auto\"><span style=\"font-family: Century Gothic,sans-serif; font-size: small;\">Si alz\u00f2 da tavola.<br \/>\n<\/span><\/div>\n<div dir=\"auto\"><span style=\"font-family: Century Gothic,sans-serif; font-size: small;\">Secondo me questo gesto significa due cose: se non ci alziamo da tavola, se non ci alziamo da quella tavola, ogni nostro servizio \u00e8 superfluo, inutile, non serve a niente.<br \/>\n<\/span><\/div>\n<div dir=\"auto\"><span style=\"font-family: Century Gothic,sans-serif; font-size: small;\">Qui arriviamo al punto nodale di tutte le nostre riflessioni, di tutta la revisione della nostra vita spirituale.<br \/>\n<\/span><\/div>\n<div dir=\"auto\"><span style=\"font-family: Century Gothic,sans-serif; font-size: small;\">Solo se partiamo dall&#8217;eucaristia, da quella tavola, allora ci\u00f2 che faremo avr\u00e0 davvero il marchio di origine controllata, avr\u00e0 la firma d&#8217;autore del Signore.<\/span><\/div>\n<div dir=\"auto\"><span style=\"font-family: Century Gothic,sans-serif; font-size: small;\">\u00a0<\/span><\/div>\n<div dir=\"auto\"><span style=\"font-family: Century Gothic,sans-serif; font-size: small;\">Se non partiamo dall&#8217;eucaristia la nostra \u00e8 soltanto un&#8217;attivit\u00e0 faccendiera, saremo sempre super-oberati da mille cose, faremo s\u00ec le opere della carit\u00e0 ma senza la carit\u00e0 delle opere.<br \/>\n<\/span><\/div>\n<div dir=\"auto\"><span style=\"font-family: Century Gothic,sans-serif; font-size: small;\">Attenzione: non bastano le opere di carit\u00e0, se manca la carit\u00e0 delle opere.<br \/>\n<\/span><\/div>\n<div dir=\"auto\"><span style=\"font-family: Century Gothic,sans-serif; font-size: small;\">Se manca l&#8217;amore da cui partono le opere, se manca la sorgente, se manca il punto di partenza che \u00e8 l&#8217;eucaristia, ogni impegno pastorale risulta solo una girandola di cose.\u00a0<\/span><\/div>\n<div dir=\"auto\"><span style=\"font-family: Century Gothic,sans-serif; font-size: small;\">\u00a0<\/span><\/div>\n<div dir=\"auto\" style=\"text-align: right;\"><span style=\"font-family: Century Gothic,sans-serif; font-size: small;\">(don Tonino Bello)<\/span><\/div>\n<div dir=\"auto\"><\/div>\n<div dir=\"auto\" style=\"text-align: center;\"><span style=\"color: #008000; font-size: small;\"><b><i>La Presidenza Diocesana<\/i><\/b><\/span><\/div>\n","protected":false},"excerpt":{"rendered":"<p>\u00abSi alz\u00f2 da tavola\u2026\u00bb (Giovanni 13,4) \u00a0 Si alz\u00f2 da tavola. Secondo [&hellip;]<\/p>\n","protected":false},"author":2,"featured_media":0,"comment_status":"closed","ping_status":"closed","sticky":false,"template":"","format":"standard","meta":[],"categories":[1],"tags":[193],"_links":{"self":[{"href":"https:\/\/www.azionecattolicacremona.it\/portale\/wp-json\/wp\/v2\/posts\/3738"}],"collection":[{"href":"https:\/\/www.azionecattolicacremona.it\/portale\/wp-json\/wp\/v2\/posts"}],"about":[{"href":"https:\/\/www.azionecattolicacremona.it\/portale\/wp-json\/wp\/v2\/types\/post"}],"author":[{"embeddable":true,"href":"https:\/\/www.azionecattolicacremona.it\/portale\/wp-json\/wp\/v2\/users\/2"}],"replies":[{"embeddable":true,"href":"https:\/\/www.azionecattolicacremona.it\/portale\/wp-json\/wp\/v2\/comments?post=3738"}],"version-history":[{"count":3,"href":"https:\/\/www.azionecattolicacremona.it\/portale\/wp-json\/wp\/v2\/posts\/3738\/revisions"}],"predecessor-version":[{"id":3743,"href":"https:\/\/www.azionecattolicacremona.it\/portale\/wp-json\/wp\/v2\/posts\/3738\/revisions\/3743"}],"wp:attachment":[{"href":"https:\/\/www.azionecattolicacremona.it\/portale\/wp-json\/wp\/v2\/media?parent=3738"}],"wp:term":[{"taxonomy":"category","embeddable":true,"href":"https:\/\/www.azionecattolicacremona.it\/portale\/wp-json\/wp\/v2\/categories?post=3738"},{"taxonomy":"post_tag","embeddable":true,"href":"https:\/\/www.azionecattolicacremona.it\/portale\/wp-json\/wp\/v2\/tags?post=3738"}],"curies":[{"name":"wp","href":"https:\/\/api.w.org\/{rel}","templated":true}]}}