{"id":3962,"date":"2024-02-26T10:08:04","date_gmt":"2024-02-26T09:08:04","guid":{"rendered":"https:\/\/www.azionecattolicacremona.it\/portale\/?p=3962"},"modified":"2024-02-26T10:08:31","modified_gmt":"2024-02-26T09:08:31","slug":"dialogo-1-2-2024","status":"publish","type":"post","link":"https:\/\/www.azionecattolicacremona.it\/portale\/2024\/02\/dialogo-1-2-2024\/","title":{"rendered":"Dialogo 1\/2 2024"},"content":{"rendered":"<p>Dialogo apre l\u2019anno 2024 con un numero in larga parte dedicato alle donne. Ci ha sollecitato la cronaca, cos\u00ec piena di notizie riguardanti le donne vittime di chi voleva in qualche modo possederle.<\/p>\n<p>Ogni volta che una donna dice no, rischia, nell\u2019ambito degli affetti cos\u00ec come in quello civile e politico. Ma in generale una donna non accetta il rischio solo per se stessa: rischia in guerra perch\u00e9 vuole a pace; lotta contro l\u2019emarginazione perch\u00e9 vuole riconosciuto il proprio diritto; rischia contro il potere perch\u00e9 vuole libert\u00e0, per s\u00e9 e per gli altri.<\/p>\n<p>Dialogo racconta alcune storie di donne \u201cresistenti\u201d , ciascuna in un modo suo proprio, contro ogni forma di violenza per contribuire alla cultura del rispetto e della dignit\u00e0 di tutti, uomini e donne.<\/p>\n<p>Sono le donne partigiane, le donne del vicino Oriente, le donne impegnate nella cultura come M. Murgia, le donne cremonesi educatrici della Casa S.Omobono e le loro assistite, e infine le giovani donne coinvolte insieme ai loro compagni maschi nel piano educativo scolastico in atto in provincia di Cremona e Mantova, che vede a capofila il Liceo S.Anguissola. Tutte per la pace.<\/p>\n<p>Nelle pagine di vita associativa: appunti sulla \u201cgiornata della pace\u201d del 28 gennaio e alcune piste di riflessione per il futuro che il presidente diocesano uscente rivolge agli amici di AC.<\/p>\n<p><a href=\"https:\/\/www.azionecattolicacremona.it\/portale\/wp-content\/uploads\/2024\/02\/Dialogo-colored.pdf\">Dialogo colored<\/a><\/p>\n","protected":false},"excerpt":{"rendered":"<p>Dialogo apre l\u2019anno 2024 con un numero in larga parte dedicato alle [&hellip;]<\/p>\n","protected":false},"author":5,"featured_media":3964,"comment_status":"closed","ping_status":"closed","sticky":false,"template":"","format":"standard","meta":[],"categories":[6,3,215,4,165,1],"tags":[],"_links":{"self":[{"href":"https:\/\/www.azionecattolicacremona.it\/portale\/wp-json\/wp\/v2\/posts\/3962"}],"collection":[{"href":"https:\/\/www.azionecattolicacremona.it\/portale\/wp-json\/wp\/v2\/posts"}],"about":[{"href":"https:\/\/www.azionecattolicacremona.it\/portale\/wp-json\/wp\/v2\/types\/post"}],"author":[{"embeddable":true,"href":"https:\/\/www.azionecattolicacremona.it\/portale\/wp-json\/wp\/v2\/users\/5"}],"replies":[{"embeddable":true,"href":"https:\/\/www.azionecattolicacremona.it\/portale\/wp-json\/wp\/v2\/comments?post=3962"}],"version-history":[{"count":1,"href":"https:\/\/www.azionecattolicacremona.it\/portale\/wp-json\/wp\/v2\/posts\/3962\/revisions"}],"predecessor-version":[{"id":3965,"href":"https:\/\/www.azionecattolicacremona.it\/portale\/wp-json\/wp\/v2\/posts\/3962\/revisions\/3965"}],"wp:featuredmedia":[{"embeddable":true,"href":"https:\/\/www.azionecattolicacremona.it\/portale\/wp-json\/wp\/v2\/media\/3964"}],"wp:attachment":[{"href":"https:\/\/www.azionecattolicacremona.it\/portale\/wp-json\/wp\/v2\/media?parent=3962"}],"wp:term":[{"taxonomy":"category","embeddable":true,"href":"https:\/\/www.azionecattolicacremona.it\/portale\/wp-json\/wp\/v2\/categories?post=3962"},{"taxonomy":"post_tag","embeddable":true,"href":"https:\/\/www.azionecattolicacremona.it\/portale\/wp-json\/wp\/v2\/tags?post=3962"}],"curies":[{"name":"wp","href":"https:\/\/api.w.org\/{rel}","templated":true}]}}