{"id":3982,"date":"2024-03-22T10:56:36","date_gmt":"2024-03-22T09:56:36","guid":{"rendered":"https:\/\/www.azionecattolicacremona.it\/portale\/?p=3982"},"modified":"2024-03-22T10:56:36","modified_gmt":"2024-03-22T09:56:36","slug":"camposcuola-estivo-acr","status":"publish","type":"post","link":"https:\/\/www.azionecattolicacremona.it\/portale\/2024\/03\/camposcuola-estivo-acr\/","title":{"rendered":"Camposcuola Estivo ACR"},"content":{"rendered":"<p><a href=\"https:\/\/www.azionecattolicacremona.it\/portale\/wp-content\/uploads\/2024\/03\/CamposcuolaACR_2024_Estivo_web-2.pdf\">CamposcuolaACR_2024_Estivo_web<\/a><\/p>\n<p>Camposcuola Estivo ACR 2024<\/p>\n<p><strong>dal 10 al 17 Agosto 2024 presso l&#8217; Hotel Spoltur di RAVASCLETTO (UD)<br \/>\n<\/strong><\/p>\n<p>Le quote sono le seguenti:<\/p>\n<p><strong><u>SINGOLI<\/u><\/strong>:\u00a0 300,00\u20ac per i NON ASSOCIATI AC e 280,00\u20ac. per gli ASSOCIATI AC<\/p>\n<p><strong><u>DUE FRATELLI:<\/u><\/strong>\u00a0290,00\u20ac. cad. per i NON ASSOCIATI AC e 270,00\u20ac cad. per gli ASSOCIATI AC<\/p>\n<p><strong><u>PIU&#8217; DI DUE FRATELLI<\/u><\/strong>: 280,00\u20ac. cad. per i NON ASSOCIATI AC e 260,00\u20ac. cad. per gli ASSOCIATI AC<\/p>\n<p><u><strong>Le iscrizioni verranno prese entro il 30\/06\/2024 fino ad ESAURIMENTO POSTI all&#8217;indirizzo<\/strong><\/u>:\u00a0<u><strong><a href=\"mailto:acr.cremona@gmail.com\">acr.cremona@gmail.com<\/a><br \/>\n<\/strong><\/u><\/p>\n<p><strong><u>Le indicazioni complete contenenti orari di partenza e arrivo, note tecniche e organizzative Vi verranno comunicate ad iscrizioni concluse prima del Camposcuola<br \/>\n<\/u><\/strong><\/p>\n<p>Chiediamo gentilmente di versare l&#8217;ACCONTO di \u20ac. 50,00 per\u00a0<u>fermare l&#8217;iscrizione<\/u>\u00a0o l&#8217;INTERA quota\u00a0tramite BB alle seguenti coordinate:<\/p>\n<p>Consiglio Diocesano Azione Cattolica<\/p>\n<p>c\/o Credito Padano<br \/>\nBanca di Credito Cooperativo Societ\u00e0 Cooperativa<br \/>\nVia Dante 213<br \/>\n26100 CREMONA<\/p>\n<p>IBAN IT 65 B 08454 11404 000000008425<\/p>\n<p>&nbsp;<\/p>\n<p>indicando per cortesia Cognome\/Nome Iscritto + CampoEstivo ACR 2024 (es. ROSSI PAOLO &#8211; CampoEstivo ACR 2024).<\/p>\n<p style=\"font-weight: 400;\">Avvenuto il versamento Vi verr\u00e0 inviata successivamente per e-mail la ricevuta che attesti il pagamento eseguito.<\/p>\n<p>Vi informiamo inoltre che, in caso di DISDETTA in prossimit\u00e0 del Camposcuola, verr\u00e0 trattenuto l&#8217;ACCONTO per le spese gi\u00e0 sostenute da AC per il camposcuola stesso.<\/p>\n<p>Per qualsiasi informazione potete contattare i nuovi Responsabili di Settore Diocesano dopo l&#8217;orario di lavoro:<\/p>\n<p style=\"font-weight: 400;\">\nELISA: 331 4241556<br \/>\nMICHELE: 345 8900885<\/p>\n<p>Vi aspettiamo numerosi<\/p>\n<p style=\"font-weight: 400;\">Elisa, Michele e Don William<br \/>\nResponsabili Equipe Diocesana ACR<\/p>\n","protected":false},"excerpt":{"rendered":"<p>CamposcuolaACR_2024_Estivo_web Camposcuola Estivo ACR 2024 dal 10 al 17 Agosto 2024 presso [&hellip;]<\/p>\n","protected":false},"author":5,"featured_media":3984,"comment_status":"closed","ping_status":"closed","sticky":false,"template":"","format":"standard","meta":[],"categories":[6,13,1],"tags":[],"_links":{"self":[{"href":"https:\/\/www.azionecattolicacremona.it\/portale\/wp-json\/wp\/v2\/posts\/3982"}],"collection":[{"href":"https:\/\/www.azionecattolicacremona.it\/portale\/wp-json\/wp\/v2\/posts"}],"about":[{"href":"https:\/\/www.azionecattolicacremona.it\/portale\/wp-json\/wp\/v2\/types\/post"}],"author":[{"embeddable":true,"href":"https:\/\/www.azionecattolicacremona.it\/portale\/wp-json\/wp\/v2\/users\/5"}],"replies":[{"embeddable":true,"href":"https:\/\/www.azionecattolicacremona.it\/portale\/wp-json\/wp\/v2\/comments?post=3982"}],"version-history":[{"count":1,"href":"https:\/\/www.azionecattolicacremona.it\/portale\/wp-json\/wp\/v2\/posts\/3982\/revisions"}],"predecessor-version":[{"id":3985,"href":"https:\/\/www.azionecattolicacremona.it\/portale\/wp-json\/wp\/v2\/posts\/3982\/revisions\/3985"}],"wp:featuredmedia":[{"embeddable":true,"href":"https:\/\/www.azionecattolicacremona.it\/portale\/wp-json\/wp\/v2\/media\/3984"}],"wp:attachment":[{"href":"https:\/\/www.azionecattolicacremona.it\/portale\/wp-json\/wp\/v2\/media?parent=3982"}],"wp:term":[{"taxonomy":"category","embeddable":true,"href":"https:\/\/www.azionecattolicacremona.it\/portale\/wp-json\/wp\/v2\/categories?post=3982"},{"taxonomy":"post_tag","embeddable":true,"href":"https:\/\/www.azionecattolicacremona.it\/portale\/wp-json\/wp\/v2\/tags?post=3982"}],"curies":[{"name":"wp","href":"https:\/\/api.w.org\/{rel}","templated":true}]}}