{"id":4005,"date":"2024-04-02T10:08:57","date_gmt":"2024-04-02T08:08:57","guid":{"rendered":"https:\/\/www.azionecattolicacremona.it\/portale\/?p=4005"},"modified":"2024-04-02T10:08:57","modified_gmt":"2024-04-02T08:08:57","slug":"disarmiamo-le-guerre-sosteniamo-la-pace-incontro-sulla-legge-185-90-sulla-vendita-di-armi","status":"publish","type":"post","link":"https:\/\/www.azionecattolicacremona.it\/portale\/2024\/04\/disarmiamo-le-guerre-sosteniamo-la-pace-incontro-sulla-legge-185-90-sulla-vendita-di-armi\/","title":{"rendered":"\u201cDisarmiamo le guerre, sosteniamo la pace\u201d incontro sulla legge 185\/90 sulla vendita di armi"},"content":{"rendered":"<p><strong><em>\u201cDisarmiamo le guerre, sosteniamo la pace\u201d<\/em><\/strong><\/p>\n<p>Ogni guerra \u00e8 un dramma, una tragedia che grava sui popoli; nessuna guerra produce un vincitore e l\u2019umanit\u00e0 intera ne esce sconfitta.\u00a0Sempre pi\u00f9 urgente \u00e8 la diffusione quindi di una cultura di Pace, di disarmo, di nonviolenza. Anche se \u00e8 difficile dobbiamo agire, insistere e fare ognuno la nostra parte.<\/p>\n<p>L\u2019Azione Cattolica, insieme a tante altre associazioni, da sempre ha a cuore il tema della Pace, un tema di cruciale importanza che riguarda tutti noi, il futuro del nostro Paese e del Mondo intero. In questo momento storico, in cui l&#8217;attenzione dovrebbe essere ancor di pi\u00f9 rivolta alla costruzione della pace e al benessere collettivo, assistiamo invece a scelte che sembrano andare nella direzione opposta. Non possiamo rimanere inermi di fronte ad un immane spreco di risorse preziose dissipate per un pericoloso riarmo. Ricordiamo che nella nostra Costituzione all\u2019articolo 11, si fa esplicito riferimento al ripudio della guerra e, coerentemente con un pensiero di pace, civilt\u00e0 e di applicazione dei principi del nostro ordinamento, siamo chiamati ad opporci ad una rischiosa modifica della legge 185\/90.<\/p>\n<p>E\u2019 sotto gli occhi di tutti\u00a0il dato delle esportazioni di armi nel nostro Paese e la sua vertiginosa ascesa. Infatti negli ultimi quindici anni\u00a0non solo\u00a0la vendita si \u00e8 quintuplicata, ma il fatto grave \u00e8 che le armi sono state fornite a Paesi in guerra e che non rispettano i diritti umani.<\/p>\n<p>Di recente il Senato ha approvato un disegno di legge che modifica significativamente la legge 185\/90, ossia indebolisce una normativa fondamentale per il controllo e la trasparenza sull&#8217;esportazione di armamenti, compreso l\u2019elenco delle cosiddette \u201cbanche armate\u201d. Queste modifiche potrebbero ridurre drasticamente i meccanismi di autorizzazione, controllo parlamentare e di trasparenza su tali operazioni. La\u00a0<a href=\"https:\/\/www.facebook.com\/RetePaceDisarmo?__cft__%5B0%5D=AZVzlODifxAQkpQ9SnqPECwx9ZsP66pZvM9Mgi9U-4LKaoF6P6_Dv6TAG6m3Miy_SLbcaq3QObUmuzY6P-xub4kO46SrdR7TWALwGBMSwAefpH4bVxodErFLQOVQJEbG6mdhNnBG0GcUE9N1zkRai8H7iS7aEC6sBRbg8PxzSeedY0HEw-RTBMaswN85Sv6CxxTLgTD1B6WGLXwuyBYyiPZc&amp;__tn__=-%5DK-R\"><strong>Rete Italiana Pace e Disarmo<\/strong><\/a><strong>\u00a0<\/strong>ha lanciato con forza una petizione per chiedere ai deputati di non svuotare la\u00a0<a href=\"https:\/\/www.facebook.com\/hashtag\/legge185?__eep__=6&amp;__cft__%5B0%5D=AZVzlODifxAQkpQ9SnqPECwx9ZsP66pZvM9Mgi9U-4LKaoF6P6_Dv6TAG6m3Miy_SLbcaq3QObUmuzY6P-xub4kO46SrdR7TWALwGBMSwAefpH4bVxodErFLQOVQJEbG6mdhNnBG0GcUE9N1zkRai8H7iS7aEC6sBRbg8PxzSeedY0HEw-RTBMaswN85Sv6CxxTLgTD1B6WGLXwuyBYyiPZc&amp;__tn__=*NK-R\">legge 185<\/a>\u00a0del 1990, ma piuttosto di rafforzare i principi che l\u2019hanno ispirata, sia in termini di scopo, sia in termini di efficacia e di trasparenza.<\/p>\n<p>&nbsp;<\/p>\n<p><strong><em>Lavoriamo dunque per la pace. Tutti siamo chiamati ad essere\u00a0\u201cartigiani di pace e di speranza\u201d!<\/em><\/strong><\/p>\n<p><em>Scossi dai tanti, troppi, conflitti in atto nel mondo, non possiamo e non dobbiamo far tacere la domanda di pace che interroga le nostre coscienze e ci spinge ad allargare l\u2019orizzonte della nostra umanit\u00e0, nella convinzione che la pace \u00e8 un bene necessario e un dovere inderogabile, senza cui non pu\u00f2 esservi alcun progetto credibile sul futuro per nessuno.<\/em><\/p>\n<p>Proprio perch\u00e9 la pace si costruisce dal basso, si costruisce nel fare insieme, a poca distanza dalle recenti iniziative\u00a0 messe in campo nel Mese della Pace, l\u2019Azione Cattolica, sempre in rete con la Parrocchia di Castelleone, il gruppo scout Agesci Castelleone2, \u201cAlice nella citt\u00e0\u201d, ArciSolidale, Anpi Castelleone, Fotoclub Elio Fornasa, con il patrocinio del Comune di Castelleone e oggi con il supporto prezioso di\u00a0<strong>Pax Cristi\u00a0<\/strong>promuove\u00a0 un incontro pubblico dal titolo:<\/p>\n<p>&nbsp;<\/p>\n<p><strong>\u00a0\u201cDisarmiamo le guerre, sosteniamo la pace\u201d\u00a0<\/strong><\/p>\n<p>Si ritiene importante questo appuntamento pubblico per riflettere insieme sul tema dell\u2019importanza della legge 185\u00a0 e soprattutto di entrare nel merito delle modifiche che sono state paventate.\u00a0 E\u2019 fondamentale che la societ\u00e0 civile conosca questa legge, la sua importanza, non solo per quel che riguarda le esportazioni militari italiane, ma anche per quanto riguarda l&#8217;informazione e la trasparenza nel settore di finanziamento bancario e\u00a0 del\u00a0 pericolo di una\u00a0&#8220;Terza guerra mondiale a pezzi&#8221; come l\u2019ha definita Papa Francesco.<\/p>\n<p>&nbsp;<\/p>\n<p>Relatore della serata sar\u00e0\u00a0<strong>Giorgio Beretta,<\/strong>\u00a0analista del commercio internazionale e nazionale di sistemi militari e di \u201carmi leggere\u201d e dei rapporti tra finanza e armamenti. Beretta svolge la sua attivit\u00e0 di ricerca per l\u2019<strong>Osservatorio permanente sulle armi leggere e le politiche di sicurezza e difesa<\/strong>\u00a0(OPAL) di Brescia, osservatorio\u00a0 che fa parte della\u00a0<strong>Rete italiana pace e disarmo<\/strong>\u00a0(RiPD). Ha pubblicato diversi studi e contributi sul commercio di armi italiane e sulla diffusione delle armi in Italia. Scrive per varie riviste e quotidiani nazionali oltre che per diversi siti di informazione sociale. L&#8217;anno scorso\u00a0ha pubblicato il libro:\u00a0\u00a0\u201c<strong>Il Paese delle armi. Falsi miti, zone grigie e lobby nell\u2019Italia armata<\/strong>\u201d\u00a0(Altreconomia). Scrive per varie riviste tra cui \u201cIl Mulino\u201d e quotidiani nazionali tra cui \u201cil manifesto\u201d e \u201cAvvenire\u201d, oltre che sui siti di Unimondo.org e Osservatoriodiritti.it e per la rivista \u201cMissione Oggi\u201d.<\/p>\n<p>&nbsp;<\/p>\n<p>&nbsp;<\/p>\n<p><strong>Invitiamo quindi tutta la cittadinanza\u00a0<\/strong><\/p>\n<p><strong>Gioved\u00ec 11 Aprile alle ore 21<\/strong><\/p>\n<p><strong>\u00a0presso il Teatro Leone\u00a0 via Garibaldi a Castelleone<\/strong><\/p>\n<p><img loading=\"lazy\" class=\"attachment-266x266 size-266x266\" src=\"https:\/\/www.azionecattolicacremona.it\/portale\/wp-content\/uploads\/2024\/04\/pace-castelleone.png\" sizes=\"(max-width: 188px) 100vw, 188px\" srcset=\"https:\/\/www.azionecattolicacremona.it\/portale\/wp-content\/uploads\/2024\/04\/pace-castelleone.png 424w, https:\/\/www.azionecattolicacremona.it\/portale\/wp-content\/uploads\/2024\/04\/pace-castelleone-283x400.png 283w, https:\/\/www.azionecattolicacremona.it\/portale\/wp-content\/uploads\/2024\/04\/pace-castelleone-230x325.png 230w, https:\/\/www.azionecattolicacremona.it\/portale\/wp-content\/uploads\/2024\/04\/pace-castelleone-350x495.png 350w\" alt=\"\" width=\"188\" height=\"266\" \/><\/p>\n","protected":false},"excerpt":{"rendered":"<p>\u201cDisarmiamo le guerre, sosteniamo la pace\u201d Ogni guerra \u00e8 un dramma, una [&hellip;]<\/p>\n","protected":false},"author":5,"featured_media":4006,"comment_status":"closed","ping_status":"closed","sticky":false,"template":"","format":"standard","meta":[],"categories":[3,13,4,165,1],"tags":[],"_links":{"self":[{"href":"https:\/\/www.azionecattolicacremona.it\/portale\/wp-json\/wp\/v2\/posts\/4005"}],"collection":[{"href":"https:\/\/www.azionecattolicacremona.it\/portale\/wp-json\/wp\/v2\/posts"}],"about":[{"href":"https:\/\/www.azionecattolicacremona.it\/portale\/wp-json\/wp\/v2\/types\/post"}],"author":[{"embeddable":true,"href":"https:\/\/www.azionecattolicacremona.it\/portale\/wp-json\/wp\/v2\/users\/5"}],"replies":[{"embeddable":true,"href":"https:\/\/www.azionecattolicacremona.it\/portale\/wp-json\/wp\/v2\/comments?post=4005"}],"version-history":[{"count":2,"href":"https:\/\/www.azionecattolicacremona.it\/portale\/wp-json\/wp\/v2\/posts\/4005\/revisions"}],"predecessor-version":[{"id":4008,"href":"https:\/\/www.azionecattolicacremona.it\/portale\/wp-json\/wp\/v2\/posts\/4005\/revisions\/4008"}],"wp:featuredmedia":[{"embeddable":true,"href":"https:\/\/www.azionecattolicacremona.it\/portale\/wp-json\/wp\/v2\/media\/4006"}],"wp:attachment":[{"href":"https:\/\/www.azionecattolicacremona.it\/portale\/wp-json\/wp\/v2\/media?parent=4005"}],"wp:term":[{"taxonomy":"category","embeddable":true,"href":"https:\/\/www.azionecattolicacremona.it\/portale\/wp-json\/wp\/v2\/categories?post=4005"},{"taxonomy":"post_tag","embeddable":true,"href":"https:\/\/www.azionecattolicacremona.it\/portale\/wp-json\/wp\/v2\/tags?post=4005"}],"curies":[{"name":"wp","href":"https:\/\/api.w.org\/{rel}","templated":true}]}}