{"id":4135,"date":"2024-10-09T11:59:54","date_gmt":"2024-10-09T09:59:54","guid":{"rendered":"https:\/\/www.azionecattolicacremona.it\/portale\/?p=4135"},"modified":"2024-10-09T11:59:54","modified_gmt":"2024-10-09T09:59:54","slug":"dalle-associazioni-rivarolo-mantovano","status":"publish","type":"post","link":"https:\/\/www.azionecattolicacremona.it\/portale\/2024\/10\/dalle-associazioni-rivarolo-mantovano\/","title":{"rendered":"Dalle Associazioni: Rivarolo Mantovano"},"content":{"rendered":"<p style=\"text-align: center;\"><strong>Venerd\u00ec 18 ottobre 2024 &#8211; ore 21<\/strong><\/p>\n<p style=\"text-align: center;\">presso la Fondazione Sanguanini &#8211; Sala dello Stemma &#8211; a Rivarolo Mantovano<\/p>\n<p style=\"text-align: center;\">si terr\u00e0 la presentazione del libro:<\/p>\n<p style=\"text-align: center;\"><strong>&#8220;VITTORINA GEMENTI &#8211; Spiritualit\u00e0 di una donna del nostro tempo&#8221;<\/strong><\/p>\n<p style=\"text-align: center;\">\n<p>(Vittorina Gementi \u00e8 stata una delle figure pi\u00f9 significative della vita sociale, politica, educativa ed ecclesiale di Mantova ed \u00e8 conosciuta soprattutto come fondatrice e animatrice della Casa del Sole, un\u2019opera che dal 1966 si dedica all\u2019educazione dei bambini e dei ragazzi portatori di handicap cerebrale).<\/p>\n","protected":false},"excerpt":{"rendered":"<p>Venerd\u00ec 18 ottobre 2024 &#8211; ore 21 presso la Fondazione Sanguanini &#8211; [&hellip;]<\/p>\n","protected":false},"author":2,"featured_media":4136,"comment_status":"closed","ping_status":"closed","sticky":false,"template":"","format":"standard","meta":[],"categories":[13],"tags":[171,45],"_links":{"self":[{"href":"https:\/\/www.azionecattolicacremona.it\/portale\/wp-json\/wp\/v2\/posts\/4135"}],"collection":[{"href":"https:\/\/www.azionecattolicacremona.it\/portale\/wp-json\/wp\/v2\/posts"}],"about":[{"href":"https:\/\/www.azionecattolicacremona.it\/portale\/wp-json\/wp\/v2\/types\/post"}],"author":[{"embeddable":true,"href":"https:\/\/www.azionecattolicacremona.it\/portale\/wp-json\/wp\/v2\/users\/2"}],"replies":[{"embeddable":true,"href":"https:\/\/www.azionecattolicacremona.it\/portale\/wp-json\/wp\/v2\/comments?post=4135"}],"version-history":[{"count":1,"href":"https:\/\/www.azionecattolicacremona.it\/portale\/wp-json\/wp\/v2\/posts\/4135\/revisions"}],"predecessor-version":[{"id":4137,"href":"https:\/\/www.azionecattolicacremona.it\/portale\/wp-json\/wp\/v2\/posts\/4135\/revisions\/4137"}],"wp:featuredmedia":[{"embeddable":true,"href":"https:\/\/www.azionecattolicacremona.it\/portale\/wp-json\/wp\/v2\/media\/4136"}],"wp:attachment":[{"href":"https:\/\/www.azionecattolicacremona.it\/portale\/wp-json\/wp\/v2\/media?parent=4135"}],"wp:term":[{"taxonomy":"category","embeddable":true,"href":"https:\/\/www.azionecattolicacremona.it\/portale\/wp-json\/wp\/v2\/categories?post=4135"},{"taxonomy":"post_tag","embeddable":true,"href":"https:\/\/www.azionecattolicacremona.it\/portale\/wp-json\/wp\/v2\/tags?post=4135"}],"curies":[{"name":"wp","href":"https:\/\/api.w.org\/{rel}","templated":true}]}}