{"id":4541,"date":"2026-02-14T16:57:23","date_gmt":"2026-02-14T15:57:23","guid":{"rendered":"https:\/\/www.azionecattolicacremona.it\/portale\/?p=4541"},"modified":"2026-02-14T16:59:18","modified_gmt":"2026-02-14T15:59:18","slug":"4541","status":"publish","type":"post","link":"https:\/\/www.azionecattolicacremona.it\/portale\/2026\/02\/4541\/","title":{"rendered":"Riflessione in vista della consultazione referendaria del 22-23 marzo 2026"},"content":{"rendered":"<p align=\"right\"><span style=\"font-size: small;\">Roma, 12 febbraio 2026<\/span><\/p>\n<p align=\"right\"><span style=\"font-size: small;\">Ai soci<\/span><\/p>\n<p align=\"right\"><span style=\"font-size: small;\">Ai presidenti parrocchiali<\/span><\/p>\n<p align=\"right\"><span style=\"font-size: small;\">Alle presidenze diocesane<\/span><\/p>\n<p align=\"right\"><span style=\"font-size: small;\">Alle delegazioni regionali<\/span><\/p>\n<p align=\"right\"><span style=\"font-size: small;\">Ai consiglieri nazionali<\/span><\/p>\n<p align=\"justify\"><em><span style=\"font-size: small;\">Carissime e carissimi amici,<\/span><\/em><\/p>\n<p align=\"justify\"><span style=\"font-size: small;\">come sappiamo il prossimo 22 e 23 marzo saremo chiamati ad esprimerci, attraverso un referendum confermativo, sul testo della legge costituzionale concernente \u201cNorme in materia di ordinamento giurisdizionale e di istituzione della Corte disciplinare\u201d, approvato dal Parlamento e pubblicato nella Gazzetta Ufficiale n. 253 del 30 ottobre 2025.<\/span><\/p>\n<p align=\"justify\"><span style=\"font-size: small;\">Si tratta di un appuntamento molto rilevante, sia per la materia \u2014 la riforma della Costituzione in un ambito significativo della vita democratica della Repubblica, quale la giustizia \u2014 sia per la marcata connotazione politica che gli \u00e8 stata attribuita tanto dalle forze di maggioranza quanto da quelle di opposizione.<\/span><\/p>\n<p align=\"justify\"><span style=\"font-size: small;\">Il Consiglio nazionale, riunitosi lo scorso 17 e 18 gennaio, dopo un ampio dibattito e confronto sul tema ha dato mandato alla Presidenza nazionale di indirizzare una lettera a tutti i soci e ai responsabili dell\u2019associazione per offrire all\u2019attenzione di tutta l\u2019associazione alcune coordinate di riflessione e alcune piste di azione.<\/span><\/p>\n<p align=\"justify\"><span style=\"font-size: small;\">In primo luogo, vogliamo, ancora una volta e come gi\u00e0 affermato in altre occasioni, rappresentare il nostro disagio e il nostro profondo rammarico nel verificare come una materia che riguarda il patto fondativo, che descrive le regole comuni, ritorni ad essere un\u2019occasione di divisione e di scontro piuttosto che un\u2019occasione di dialogo e di incontro per le diverse opzioni politiche nello spirito costruttivo che invece ha caratterizzato l\u2019elaborazione della Carta costituzionale. <\/span><\/p>\n<p align=\"justify\"><span style=\"font-size: small;\">La difesa di interessi di parte trova ancora maggiore senso nel perimetro costituzionale, perch\u00e9 incoraggia la partecipazione e stimola il confronto e la discussione sui temi importanti, come nel caso del tema referendario della giustizia.<\/span><\/p>\n<p align=\"justify\"><span style=\"font-size: small;\">Riferirsi continuamente alla Costituzione, attuarla e viverla come progetto della nostra vita civile, ma persino revisionarla o aggiornarla deve essere un riferimento che accomuna tutte le forze politiche pur nella ordinaria dialettica e nella differente valutazione dell\u2019agenda e delle priorit\u00e0 da scegliere per il bene di tutti i cittadini.<\/span><\/p>\n<p align=\"justify\"><span style=\"font-size: small;\">Ci sta a cuore affermarlo poich\u00e9 sono vivi e vitali nella nostra memoria e nell\u2019attuale esperienza associativa l\u2019impegno e il genio di tanti testimoni di AC che hanno contribuito alla crescita di questi valori. Tra questi vogliamo soprattutto ricordare il presidente Vittorio Bachelet, di cui quest\u2019anno celebriamo il centenario della nascita, figura luminosa di credente che ha dedicato la sua vita al dialogo e alla costruzione della vita democratica, testimoniata sino alla sua uccisione per mano dei terroristi. <\/span><\/p>\n<p align=\"justify\"><span style=\"font-size: small;\">Ringraziamo il Cardinale Matteo Maria Zuppi, presidente della Conferenza Episcopale Italiana, per il discorso pronunciato nella sua introduzione al Consiglio Permanente della CEI: le sue parole rafforzano le ragioni del nostro impegno e lo stile di partecipazione alla consultazione referendaria.<\/span><\/p>\n<p align=\"justify\"><span style=\"font-size: small;\">In questa prospettiva e con tale orizzonte di impegno per la vita e per le istituzioni democratiche riteniamo importante incoraggiare tutti a partecipare attraverso il voto e, ancor prima, ad approfondire le ragioni, le argomentazioni e le critiche, promuovendo un dialogo franco e rispettoso delle diverse opinioni e dei diversi punti di vista.<\/span><\/p>\n<p align=\"justify\"><span style=\"font-size: small;\">Prendiamo, dunque parte, conoscendo di pi\u00f9, ascoltando di pi\u00f9, discutendo e confrontandoci di pi\u00f9, rispettandoci reciprocamente di pi\u00f9.<\/span><\/p>\n<p align=\"justify\"><span style=\"font-size: small;\">L\u2019associazione non \u00e8 uno spazio neutrale o distante dalle tensioni e dalle contrapposizioni che oggi questa materia sta generando nella vita e nel dibattito nel Paese.<\/span><\/p>\n<p align=\"justify\"><span style=\"font-size: small;\">Al contrario, in essa abitano e convivono nella comune appartenenza e corresponsabilit\u00e0 associativa ed ecclesiale, visioni plurali che ancora una volta riconosciamo come una ricchezza che alimenta il confronto civico e sostiene ambiti di impegno differenziati ma sempre ordinati al Bene comune.<\/span><\/p>\n<p align=\"justify\"><span style=\"font-size: small;\">L\u2019occasione referendaria pu\u00f2 essere un\u2019opportunit\u00e0 per offrire la nostra associazione come luogo di approfondimento e di dialogo per tutti, alternativo alla violenza di dibattiti urlati o delle solitarie invettive che purtroppo spesso registriamo nei media. Proprio per questo incoraggiamo l\u2019associazione a tutti i livelli a promuovere occasioni di studio e di dibattito, coinvolgendo esperti ma soprattutto cittadini, momenti che possano incoraggiare e sostenere la partecipazione ad un passaggio delicato e cruciale per la vita repubblicana, e contemporaneamente ringraziamo quelle associazioni locali che hanno gi\u00e0 promosso e organizzato analoghi momenti. <\/span><\/p>\n<p align=\"justify\"><span style=\"font-size: small;\">Come associazione nazionale vorremmo offrire spunti di approfondimento attraverso i nostri strumenti di comunicazione, utilizzando soprattutto il nuovo portale associativo \u201c<\/span><em><a href=\"https:\/\/azionecattolica.musvc1.net\/e\/tr?q=8%3DHW2YQX%26l%3DV%265%3DX2XI%26I%3D1ePb0%26P%3DyNtK0_LQxg_WA_MhwP_WW_LQxg_VFD37hD6MtM6.Ct_MhwP_WW_LQxg_WFPAG_sJBLc0_9uSu_JhaUzIn0-t5tO6Fi8r_LQxg_V6PAG_m0uCuH_9uSu_JheHrCl_MhwP_WMOtH_t5mKrCgI_9uSu_Jh%26d%3DHBMv8H.HeO%26zM%3D1WNd5%26O0%3DV0WMd2VIU6eH6r5aX8%26C%3Dw679w538OYddub36MbdatZ4Zt71dPUfaPb39QV3Vu5e8LU8bKX3eMY3AHW4XPWcZ&amp;mupckp=mupAtu4m8OiX0wt\"><span style=\"color: #0068a5;\"><span style=\"font-size: small;\"><u>IlChiostro<\/u><\/span><\/span><\/a><\/em><em><span style=\"font-size: small;\">\u201d<\/span><\/em><span style=\"font-size: small;\"> che con l\u2019occasione vi incoraggiamo a conoscere meglio e ad utilizzare frequentemente, ma anche un\u2019occasione di riflessione attraverso <\/span><strong><span style=\"font-size: small;\">un webinar organizzato con FUCI, MEIC, MIEAC e Istituto per lo studio dei problemi sociali e politici \u201cVittorio Bachelet\u201d, che si terr\u00e0 il prossimo 3 marzo alle ore 19.00 sul <\/span><\/strong><strong><a href=\"https:\/\/azionecattolica.musvc1.net\/e\/tr?q=4%3DGU5UPV%26o%3DR%264%3DV5TH%26G%3D4aOZC%26L%3DxLwG9_JTtf_UD_IguS_SV_JTtf_TINCO.2FALx3u.5rD_8sVq_Hhf9qFq62_JTtf_TIvSdHL_XkPX8nIXx2nLsHtiE9_urir_6gALp_J5Mu4u_JTtf_UG2FArEu-5dK0Go0s3_urir_5WALp_Du6lL3_JTtf_UG633lC_8sVq_HXxK3_5dD63l84_JTtf_UG%265%3D3MvMsS.q60%26Av%3DRHYCV%260K%3D5aHXCSGT4WPS7Y%26x%3D4eWL5fTGX4ZvUdWL3gTHSAXJSe2sW5ZJ5d2sW96sYdSM6A2q3dRJ5AZPW64M46ZMbCSP&amp;mupckp=mupAtu4m8OiX0wt\"><span style=\"color: #0068a5;\"><span style=\"font-size: small;\"><u>canale YouTube dell\u2019Azione Cattolica<\/u><\/span><\/span><\/a><\/strong><strong><span style=\"font-size: small;\">.<\/span><\/strong><\/p>\n<p align=\"justify\"><strong>\u00a0<\/strong><span style=\"font-size: small;\">Stiamo vivendo ci\u00f2 che Giorgio La Pira avrebbe definito un \u201ctornante della storia\u201d, dove gli istinti irrazionali e violenti della prevaricazione e della forza s\u2019impongono sulla logica mite del diritto e della democrazia. Parole e gesti quotidiani diventano, attorno a noi, dentro le nostre comunit\u00e0, sempre pi\u00f9 violenti facendo crescere la tensione sociale e alimentando la domanda di sicurezza e di difesa. L\u2019altro e gli altri differenti da noi diventano nemici da abbattere, da distruggere in ogni modo e con ogni \u201carma\u201d. <\/span><\/p>\n<p align=\"justify\"><span style=\"font-size: small;\">Il Vangelo ci incoraggia e ci illumina a scegliere altri percorsi, concreti e possibili, che l\u2019associazione conosce e tocca con mano, che sperimenta nella quotidianit\u00e0 del suo impegno educativo e formativo, nel paziente e umile lavoro di costruzione di alleanze, nel suo servizio gratuito e silenzioso alla cura di ci\u00f2 che appartiene a tutti.<\/span><\/p>\n<p align=\"justify\"><span style=\"font-size: small;\">Vi abbracciamo nel Signore,<\/span><\/p>\n<p align=\"center\"><em><span style=\"font-size: small;\">La Presidenza nazionale<\/span><\/em><\/p>\n","protected":false},"excerpt":{"rendered":"<p>Roma, 12 febbraio 2026 Ai soci Ai presidenti parrocchiali Alle presidenze diocesane [&hellip;]<\/p>\n","protected":false},"author":2,"featured_media":4542,"comment_status":"closed","ping_status":"closed","sticky":false,"template":"","format":"standard","meta":[],"categories":[165],"tags":[45,266],"_links":{"self":[{"href":"https:\/\/www.azionecattolicacremona.it\/portale\/wp-json\/wp\/v2\/posts\/4541"}],"collection":[{"href":"https:\/\/www.azionecattolicacremona.it\/portale\/wp-json\/wp\/v2\/posts"}],"about":[{"href":"https:\/\/www.azionecattolicacremona.it\/portale\/wp-json\/wp\/v2\/types\/post"}],"author":[{"embeddable":true,"href":"https:\/\/www.azionecattolicacremona.it\/portale\/wp-json\/wp\/v2\/users\/2"}],"replies":[{"embeddable":true,"href":"https:\/\/www.azionecattolicacremona.it\/portale\/wp-json\/wp\/v2\/comments?post=4541"}],"version-history":[{"count":4,"href":"https:\/\/www.azionecattolicacremona.it\/portale\/wp-json\/wp\/v2\/posts\/4541\/revisions"}],"predecessor-version":[{"id":4546,"href":"https:\/\/www.azionecattolicacremona.it\/portale\/wp-json\/wp\/v2\/posts\/4541\/revisions\/4546"}],"wp:featuredmedia":[{"embeddable":true,"href":"https:\/\/www.azionecattolicacremona.it\/portale\/wp-json\/wp\/v2\/media\/4542"}],"wp:attachment":[{"href":"https:\/\/www.azionecattolicacremona.it\/portale\/wp-json\/wp\/v2\/media?parent=4541"}],"wp:term":[{"taxonomy":"category","embeddable":true,"href":"https:\/\/www.azionecattolicacremona.it\/portale\/wp-json\/wp\/v2\/categories?post=4541"},{"taxonomy":"post_tag","embeddable":true,"href":"https:\/\/www.azionecattolicacremona.it\/portale\/wp-json\/wp\/v2\/tags?post=4541"}],"curies":[{"name":"wp","href":"https:\/\/api.w.org\/{rel}","templated":true}]}}