{"id":560,"date":"2012-02-29T18:41:33","date_gmt":"2012-02-29T17:41:33","guid":{"rendered":"http:\/\/www.azionecattolicacremona.it\/portale\/?p=560"},"modified":"2012-02-29T18:41:33","modified_gmt":"2012-02-29T17:41:33","slug":"due-giorni-di-spiritualita-terza-eta","status":"publish","type":"post","link":"https:\/\/www.azionecattolicacremona.it\/portale\/2012\/02\/due-giorni-di-spiritualita-terza-eta\/","title":{"rendered":"DUE GIORNI DI SPIRITUALITA&#8217; &#8220;TERZA ETA'&#8221;"},"content":{"rendered":"<p>SABATO 14 e DOMENICA 15 APRILE 2012<\/p>\n<p>presso l&#8217;EREMO dei\u00a0 SS. PIETRO E PAOLO a BIENNO (BS)<\/p>\n<p>si svolger\u00e0 la DUE GIORNI di spiritualit\u00e0 per la &#8220;Terza Et\u00e0&#8221;<\/p>\n<p>&nbsp;<\/p>\n<p>scarica la lettera e le note pratiche:\u00a0\u00a0 <a href=\"http:\/\/www.azionecattolicacremona.it\/portale\/wp-content\/uploads\/2012\/02\/lettera-due-gg.-spiritualita-2012_Bienno_3a-eta.pdf\">lettera due gg. spiritualita&#8217; 2012_Bienno_3a eta&#8217;<\/a><\/p>\n","protected":false},"excerpt":{"rendered":"<p>SABATO 14 e DOMENICA 15 APRILE 2012 presso l&#8217;EREMO dei\u00a0 SS. PIETRO [&hellip;]<\/p>\n","protected":false},"author":2,"featured_media":0,"comment_status":"closed","ping_status":"open","sticky":false,"template":"","format":"standard","meta":[],"categories":[3],"tags":[63,30,54],"_links":{"self":[{"href":"https:\/\/www.azionecattolicacremona.it\/portale\/wp-json\/wp\/v2\/posts\/560"}],"collection":[{"href":"https:\/\/www.azionecattolicacremona.it\/portale\/wp-json\/wp\/v2\/posts"}],"about":[{"href":"https:\/\/www.azionecattolicacremona.it\/portale\/wp-json\/wp\/v2\/types\/post"}],"author":[{"embeddable":true,"href":"https:\/\/www.azionecattolicacremona.it\/portale\/wp-json\/wp\/v2\/users\/2"}],"replies":[{"embeddable":true,"href":"https:\/\/www.azionecattolicacremona.it\/portale\/wp-json\/wp\/v2\/comments?post=560"}],"version-history":[{"count":3,"href":"https:\/\/www.azionecattolicacremona.it\/portale\/wp-json\/wp\/v2\/posts\/560\/revisions"}],"predecessor-version":[{"id":564,"href":"https:\/\/www.azionecattolicacremona.it\/portale\/wp-json\/wp\/v2\/posts\/560\/revisions\/564"}],"wp:attachment":[{"href":"https:\/\/www.azionecattolicacremona.it\/portale\/wp-json\/wp\/v2\/media?parent=560"}],"wp:term":[{"taxonomy":"category","embeddable":true,"href":"https:\/\/www.azionecattolicacremona.it\/portale\/wp-json\/wp\/v2\/categories?post=560"},{"taxonomy":"post_tag","embeddable":true,"href":"https:\/\/www.azionecattolicacremona.it\/portale\/wp-json\/wp\/v2\/tags?post=560"}],"curies":[{"name":"wp","href":"https:\/\/api.w.org\/{rel}","templated":true}]}}