{"id":630,"date":"2012-06-01T16:48:42","date_gmt":"2012-06-01T14:48:42","guid":{"rendered":"http:\/\/www.azionecattolicacremona.it\/portale\/?p=630"},"modified":"2012-06-01T16:48:42","modified_gmt":"2012-06-01T14:48:42","slug":"emergenza-terremoto-in-emilia","status":"publish","type":"post","link":"https:\/\/www.azionecattolicacremona.it\/portale\/2012\/06\/emergenza-terremoto-in-emilia\/","title":{"rendered":"EMERGENZA TERREMOTO IN EMILIA"},"content":{"rendered":"<p>Presso la Presidenza nazionale dell\u2019Azione Cattolica Italiana continua l\u2019attivit\u00e0 di sostegno alle popolazioni terremotate dell\u2019Emilia Romagna. Uno spazio web <a href=\"http:\/\/www2.azionecattolica.it\/supportemilia\">http:\/\/www2.azionecattolica.it\/supportemilia<\/a> \u00e8 stato aperto per segnalare le disponibilit\u00e0 di alloggi, luoghi aggregativi, luoghi di culto, nonch\u00e9 di persone disposte a un\u2019attivit\u00e0 di servizio volontario ai nostri fratelli, cos\u00ec gravemente ferite negli effetti e negli averi frutto del lavoro di una vita, per aiutarli innanzitutto nella ricostruzione del presente.<br \/>\nL\u2019invito della Presidenza nazionale AC, in accordo con la Delegazione regionale Ac dell\u2019Emilia Romagna, la Caritas italiana e la Protezione civile, \u00e8 rivolto naturalmente a tutti, a partire dagli amici delle diocesi pi\u00f9 vicine ai luoghi colpiti dal sisma.<\/p>\n","protected":false},"excerpt":{"rendered":"<p>Presso la Presidenza nazionale dell\u2019Azione Cattolica Italiana continua l\u2019attivit\u00e0 di sostegno alle [&hellip;]<\/p>\n","protected":false},"author":2,"featured_media":0,"comment_status":"closed","ping_status":"open","sticky":false,"template":"","format":"standard","meta":[],"categories":[1],"tags":[69],"_links":{"self":[{"href":"https:\/\/www.azionecattolicacremona.it\/portale\/wp-json\/wp\/v2\/posts\/630"}],"collection":[{"href":"https:\/\/www.azionecattolicacremona.it\/portale\/wp-json\/wp\/v2\/posts"}],"about":[{"href":"https:\/\/www.azionecattolicacremona.it\/portale\/wp-json\/wp\/v2\/types\/post"}],"author":[{"embeddable":true,"href":"https:\/\/www.azionecattolicacremona.it\/portale\/wp-json\/wp\/v2\/users\/2"}],"replies":[{"embeddable":true,"href":"https:\/\/www.azionecattolicacremona.it\/portale\/wp-json\/wp\/v2\/comments?post=630"}],"version-history":[{"count":2,"href":"https:\/\/www.azionecattolicacremona.it\/portale\/wp-json\/wp\/v2\/posts\/630\/revisions"}],"predecessor-version":[{"id":632,"href":"https:\/\/www.azionecattolicacremona.it\/portale\/wp-json\/wp\/v2\/posts\/630\/revisions\/632"}],"wp:attachment":[{"href":"https:\/\/www.azionecattolicacremona.it\/portale\/wp-json\/wp\/v2\/media?parent=630"}],"wp:term":[{"taxonomy":"category","embeddable":true,"href":"https:\/\/www.azionecattolicacremona.it\/portale\/wp-json\/wp\/v2\/categories?post=630"},{"taxonomy":"post_tag","embeddable":true,"href":"https:\/\/www.azionecattolicacremona.it\/portale\/wp-json\/wp\/v2\/tags?post=630"}],"curies":[{"name":"wp","href":"https:\/\/api.w.org\/{rel}","templated":true}]}}