{"id":739,"date":"2012-10-17T19:11:28","date_gmt":"2012-10-17T17:11:28","guid":{"rendered":"http:\/\/www.azionecattolicacremona.it\/portale\/?p=739"},"modified":"2012-10-17T19:11:28","modified_gmt":"2012-10-17T17:11:28","slug":"a-50-anni-dallinizio-del-concilio-vaticano-ii","status":"publish","type":"post","link":"https:\/\/www.azionecattolicacremona.it\/portale\/2012\/10\/a-50-anni-dallinizio-del-concilio-vaticano-ii\/","title":{"rendered":"A 50 anni dall&#8217;inizio del Concilio Vaticano II"},"content":{"rendered":"<p>L&#8217;11 ottobre 1962 aveva ufficialmente inizio il Concilio Vaticano II, fortemente voluto e pensato da papa Giovanni XXIII come &#8220;primavera della chiesa&#8221; con la speranza che potesse servire alla &#8220;primavera del mondo&#8221;. Riflettere oggi sull&#8217;impulso che diede il Concilio ad una ridefinizione della tavola dei valori per le nostre societ\u00e0 globalizzate pu\u00f2 contribuire a meglio orientare e fondare il rinnovamento della politica e la rigenerazione delle nostre comunit\u00e0.<\/p>\n<p><strong>VENERDI&#8217;\u00a0 26\u00a0 OTTOBRE\u00a0 2012 &#8211; ore 21<\/strong><\/p>\n<p>Centro pastorale diocesano di Cremona<\/p>\n<p><strong>L&#8217;alfatebo sociale del Concilio<\/strong> &#8211; mons. Giancarlo Perego, <em>direttore nazionale Fondazione Migrantes<\/em><\/p>\n<p><strong>Il Concilio secondo il cardinal Martini<\/strong> &#8211; Giovanni Bianchi, <em>gi\u00e0 presidente nazionale Acli<\/em><\/p>\n<p>Iniviativa pubblica promossa da Acli, Azione Cattolica, Caritas, Cremona nel Mondo, Partecipolis, Pax Christi, Forum per la pace e il diritto dei popoli &#8220;P. Mazzolari&#8221;, Gruppo culturale &#8220;Mounier&#8221;, Radici e Futuro<\/p>\n<p>&nbsp;<\/p>\n","protected":false},"excerpt":{"rendered":"<p>L&#8217;11 ottobre 1962 aveva ufficialmente inizio il Concilio Vaticano II, fortemente voluto [&hellip;]<\/p>\n","protected":false},"author":2,"featured_media":0,"comment_status":"closed","ping_status":"open","sticky":false,"template":"","format":"standard","meta":[],"categories":[3,4],"tags":[42],"_links":{"self":[{"href":"https:\/\/www.azionecattolicacremona.it\/portale\/wp-json\/wp\/v2\/posts\/739"}],"collection":[{"href":"https:\/\/www.azionecattolicacremona.it\/portale\/wp-json\/wp\/v2\/posts"}],"about":[{"href":"https:\/\/www.azionecattolicacremona.it\/portale\/wp-json\/wp\/v2\/types\/post"}],"author":[{"embeddable":true,"href":"https:\/\/www.azionecattolicacremona.it\/portale\/wp-json\/wp\/v2\/users\/2"}],"replies":[{"embeddable":true,"href":"https:\/\/www.azionecattolicacremona.it\/portale\/wp-json\/wp\/v2\/comments?post=739"}],"version-history":[{"count":2,"href":"https:\/\/www.azionecattolicacremona.it\/portale\/wp-json\/wp\/v2\/posts\/739\/revisions"}],"predecessor-version":[{"id":741,"href":"https:\/\/www.azionecattolicacremona.it\/portale\/wp-json\/wp\/v2\/posts\/739\/revisions\/741"}],"wp:attachment":[{"href":"https:\/\/www.azionecattolicacremona.it\/portale\/wp-json\/wp\/v2\/media?parent=739"}],"wp:term":[{"taxonomy":"category","embeddable":true,"href":"https:\/\/www.azionecattolicacremona.it\/portale\/wp-json\/wp\/v2\/categories?post=739"},{"taxonomy":"post_tag","embeddable":true,"href":"https:\/\/www.azionecattolicacremona.it\/portale\/wp-json\/wp\/v2\/tags?post=739"}],"curies":[{"name":"wp","href":"https:\/\/api.w.org\/{rel}","templated":true}]}}