{"id":928,"date":"2013-04-03T18:57:53","date_gmt":"2013-04-03T16:57:53","guid":{"rendered":"http:\/\/www.azionecattolicacremona.it\/portale\/?p=928"},"modified":"2013-04-03T19:02:32","modified_gmt":"2013-04-03T17:02:32","slug":"partecipolis-9","status":"publish","type":"post","link":"https:\/\/www.azionecattolicacremona.it\/portale\/2013\/04\/partecipolis-9\/","title":{"rendered":"parteciPolis"},"content":{"rendered":"<p>Continua la riflessione sul tema della povert\u00e0 attraverso tre appuntamenti (vedi invito e locandina allegati).<br \/>\nTutti gli incontri saranno presso <strong>la sala Zanoni, <em>a Cremona &#8211; in via del Vecchio Passeggio n. 1<\/em>, con inizio alle ore 21.00<\/strong><\/p>\n<p><strong>Luned\u00ec 15 aprile 2013<\/strong><br \/>\n<em>Povert\u00e0, tutele, risorse a Cremona<\/em><br \/>\nL&#8217;Amministrazione e i cittadini si ascoltano<br \/>\nSaranno presenti l&#8217;assessore ai servizi sociali Luigi Amore e la dott.ssa Eugenia Grossi, dirigente dei servizi sociali del Comune di Cremona<\/p>\n<p><strong>Luned\u00ec 29 aprile 2013<\/strong><br \/>\n<em>Povert\u00e0 e lavoro in una citt\u00e0 che si fa solidale.<\/em><br \/>\nAlla ricerca di soluzioni possibili<br \/>\nTavola rotonda con dott. Carlo Lepri, Psicologo. Esperto di inserimento lavorativo di persone svantaggiate. Consulente del Comune di Cremona.<br \/>\nSaranno presenti rappresentanti del profit e del non-profit.<\/p>\n<p><strong>Luned\u00ec 13 maggio 2013<\/strong><br \/>\n<em>Cremona, insieme per una convivenza giusta<\/em><br \/>\nI relatori saranno associazioni, gruppi, cittadini convinti che partire dagli ultimi significhi costruire speranza per tutti.<br \/>\nSar\u00e0 un momento di confronto per maturare insieme un&#8217;idea di comunit\u00e0 e inventare possibili percorsi di giustizia; per individuare un impegno di lavoro in sinergia sulle povert\u00e0.<\/p>\n<p>scarica\u00a0 l&#8217;invito:\u00a0 <a href=\"http:\/\/www.azionecattolicacremona.it\/portale\/wp-content\/uploads\/2013\/04\/ParteciPolis-invito-Povert%C3%A0-15-29-13-2013.pdf\">ParteciPolis invito Povert\u00e0 15-29-13 &#8211; 2013<\/a><\/p>\n<p>e la locandina: <a href=\"http:\/\/www.azionecattolicacremona.it\/portale\/wp-content\/uploads\/2013\/04\/PARTECIPOLIS-locandina-Povert%C3%A0-15-29-13-2013.pdf\">PARTECIPOLIS locandina Povert\u00e0 15-29-13 &#8211; 2013<\/a><\/p>\n","protected":false},"excerpt":{"rendered":"<p>Continua la riflessione sul tema della povert\u00e0 attraverso tre appuntamenti (vedi invito [&hellip;]<\/p>\n","protected":false},"author":2,"featured_media":0,"comment_status":"closed","ping_status":"open","sticky":false,"template":"","format":"standard","meta":[],"categories":[3,4],"tags":[48],"_links":{"self":[{"href":"https:\/\/www.azionecattolicacremona.it\/portale\/wp-json\/wp\/v2\/posts\/928"}],"collection":[{"href":"https:\/\/www.azionecattolicacremona.it\/portale\/wp-json\/wp\/v2\/posts"}],"about":[{"href":"https:\/\/www.azionecattolicacremona.it\/portale\/wp-json\/wp\/v2\/types\/post"}],"author":[{"embeddable":true,"href":"https:\/\/www.azionecattolicacremona.it\/portale\/wp-json\/wp\/v2\/users\/2"}],"replies":[{"embeddable":true,"href":"https:\/\/www.azionecattolicacremona.it\/portale\/wp-json\/wp\/v2\/comments?post=928"}],"version-history":[{"count":6,"href":"https:\/\/www.azionecattolicacremona.it\/portale\/wp-json\/wp\/v2\/posts\/928\/revisions"}],"predecessor-version":[{"id":934,"href":"https:\/\/www.azionecattolicacremona.it\/portale\/wp-json\/wp\/v2\/posts\/928\/revisions\/934"}],"wp:attachment":[{"href":"https:\/\/www.azionecattolicacremona.it\/portale\/wp-json\/wp\/v2\/media?parent=928"}],"wp:term":[{"taxonomy":"category","embeddable":true,"href":"https:\/\/www.azionecattolicacremona.it\/portale\/wp-json\/wp\/v2\/categories?post=928"},{"taxonomy":"post_tag","embeddable":true,"href":"https:\/\/www.azionecattolicacremona.it\/portale\/wp-json\/wp\/v2\/tags?post=928"}],"curies":[{"name":"wp","href":"https:\/\/api.w.org\/{rel}","templated":true}]}}